{"id":23812,"date":"2025-12-15T20:12:35","date_gmt":"2025-12-15T19:12:35","guid":{"rendered":"https:\/\/rainbook.it\/?p=23812"},"modified":"2025-12-15T20:13:28","modified_gmt":"2025-12-15T19:13:28","slug":"nadiamayer","status":"publish","type":"post","link":"https:\/\/rainbook.it\/es\/nadiamayer\/edicion-2025\/12\/2025\/","title":{"rendered":"Nadia<br>Mayer"},"content":{"rendered":"\t\t<div data-elementor-type=\"wp-post\" data-elementor-id=\"23812\" class=\"elementor elementor-23812 elementor-23787\" data-elementor-post-type=\"post\">\n\t\t\t\t\t\t<section class=\"elementor-section elementor-top-section elementor-element elementor-element-28d7c663 elementor-section-boxed elementor-section-height-default elementor-section-height-default\" data-id=\"28d7c663\" data-element_type=\"section\" data-e-type=\"section\" data-settings=\"{&quot;background_background&quot;:&quot;classic&quot;}\">\n\t\t\t\t\t\t<div class=\"elementor-container elementor-column-gap-default\">\n\t\t\t\t\t<div class=\"elementor-column elementor-col-66 elementor-top-column elementor-element elementor-element-6e19a4fd\" data-id=\"6e19a4fd\" data-element_type=\"column\" data-e-type=\"column\" data-settings=\"{&quot;background_background&quot;:&quot;classic&quot;}\">\n\t\t\t<div class=\"elementor-widget-wrap elementor-element-populated\">\n\t\t\t\t<div class=\"elementor-element elementor-element-92ab2aa e-grid elementor-hidden-mobile e-con-boxed e-con e-parent\" data-id=\"92ab2aa\" data-element_type=\"container\" data-e-type=\"container\">\n\t\t\t\t\t<div class=\"e-con-inner\">\n\t\t\t\t<div class=\"elementor-element elementor-element-931682a elementor-hidden-mobile elementor-widget elementor-widget-heading\" data-id=\"931682a\" data-element_type=\"widget\" data-e-type=\"widget\" data-widget_type=\"heading.default\">\n\t\t\t\t<div class=\"elementor-widget-container\">\n\t\t\t\t\t<h4 class=\"elementor-heading-title elementor-size-default\">\u00bfd\u00f3nde?<\/h4>\t\t\t\t<\/div>\n\t\t\t\t<\/div>\n\t\t\t\t<div class=\"elementor-element elementor-element-4e45fa9 elementor-hidden-mobile elementor-widget elementor-widget-heading\" data-id=\"4e45fa9\" data-element_type=\"widget\" data-e-type=\"widget\" data-widget_type=\"heading.default\">\n\t\t\t\t<div class=\"elementor-widget-container\">\n\t\t\t\t\t<h4 class=\"elementor-heading-title elementor-size-default\">\u00bfCu\u00e1ndo?<\/h4>\t\t\t\t<\/div>\n\t\t\t\t<\/div>\n\t\t\t\t<div class=\"elementor-element elementor-element-227f1df elementor-hidden-mobile elementor-widget elementor-widget-heading\" data-id=\"227f1df\" data-element_type=\"widget\" data-e-type=\"widget\" data-widget_type=\"heading.default\">\n\t\t\t\t<div class=\"elementor-widget-container\">\n\t\t\t\t\t<h4 class=\"elementor-heading-title elementor-size-default\">\u00bfQui\u00e9n modera?<\/h4>\t\t\t\t<\/div>\n\t\t\t\t<\/div>\n\t\t\t\t<div class=\"elementor-element elementor-element-094bf6c elementor-view-default elementor-position-block-start elementor-mobile-position-block-start elementor-widget elementor-widget-icon-box\" data-id=\"094bf6c\" data-element_type=\"widget\" data-e-type=\"widget\" data-widget_type=\"icon-box.default\">\n\t\t\t\t<div class=\"elementor-widget-container\">\n\t\t\t\t\t\t\t<div class=\"elementor-icon-box-wrapper\">\n\n\t\t\t\t\t\t<div class=\"elementor-icon-box-icon\">\n\t\t\t\t<span  class=\"elementor-icon\">\n\t\t\t\t<i aria-hidden=\"true\" class=\"fas fa-map-marker-alt\"><\/i>\t\t\t\t<\/span>\n\t\t\t<\/div>\n\t\t\t\n\t\t\t\t\t\t<div class=\"elementor-icon-box-content\">\n\n\t\t\t\t\t\t\t\t\t<h3 class=\"elementor-icon-box-title\">\n\t\t\t\t\t\t<span  >\n\t\t\t\t\t\t\tEx Convento dei Cappuccini - Quartu S. Elena\t\t\t\t\t\t<\/span>\n\t\t\t\t\t<\/h3>\n\t\t\t\t\n\t\t\t\t\n\t\t\t<\/div>\n\t\t\t\n\t\t<\/div>\n\t\t\t\t\t\t<\/div>\n\t\t\t\t<\/div>\n\t\t\t\t<div class=\"elementor-element elementor-element-e731479 elementor-view-default elementor-position-block-start elementor-mobile-position-block-start elementor-widget elementor-widget-icon-box\" data-id=\"e731479\" data-element_type=\"widget\" data-e-type=\"widget\" data-widget_type=\"icon-box.default\">\n\t\t\t\t<div class=\"elementor-widget-container\">\n\t\t\t\t\t\t\t<div class=\"elementor-icon-box-wrapper\">\n\n\t\t\t\t\t\t<div class=\"elementor-icon-box-icon\">\n\t\t\t\t<span  class=\"elementor-icon\">\n\t\t\t\t<i aria-hidden=\"true\" class=\"far fa-calendar-alt\"><\/i>\t\t\t\t<\/span>\n\t\t\t<\/div>\n\t\t\t\n\t\t\t\t\t\t<div class=\"elementor-icon-box-content\">\n\n\t\t\t\t\t\t\t\t\t<h3 class=\"elementor-icon-box-title\">\n\t\t\t\t\t\t<span  >\n\t\t\t\t\t\t\tS\u00e1bado, 20 de diciembre de 2025, a las 18:00 horas.\t\t\t\t\t\t<\/span>\n\t\t\t\t\t<\/h3>\n\t\t\t\t\n\t\t\t\t\n\t\t\t<\/div>\n\t\t\t\n\t\t<\/div>\n\t\t\t\t\t\t<\/div>\n\t\t\t\t<\/div>\n\t\t\t\t<div class=\"elementor-element elementor-element-310125b elementor-view-default elementor-position-block-start elementor-mobile-position-block-start elementor-widget elementor-widget-icon-box\" data-id=\"310125b\" data-element_type=\"widget\" data-e-type=\"widget\" data-widget_type=\"icon-box.default\">\n\t\t\t\t<div class=\"elementor-widget-container\">\n\t\t\t\t\t\t\t<div class=\"elementor-icon-box-wrapper\">\n\n\t\t\t\t\t\t<div class=\"elementor-icon-box-icon\">\n\t\t\t\t<span  class=\"elementor-icon\">\n\t\t\t\t<i aria-hidden=\"true\" class=\"fas fa-user\"><\/i>\t\t\t\t<\/span>\n\t\t\t<\/div>\n\t\t\t\n\t\t\t\t\t\t<div class=\"elementor-icon-box-content\">\n\n\t\t\t\t\t\t\t\t\t<h3 class=\"elementor-icon-box-title\">\n\t\t\t\t\t\t<span  >\n\t\t\t\t\t\t\tGian Pietro Leonardi y Michele Pipia\t\t\t\t\t\t<\/span>\n\t\t\t\t\t<\/h3>\n\t\t\t\t\n\t\t\t\t\n\t\t\t<\/div>\n\t\t\t\n\t\t<\/div>\n\t\t\t\t\t\t<\/div>\n\t\t\t\t<\/div>\n\t\t\t\t\t<\/div>\n\t\t\t\t<\/div>\n\t\t\t\t<div class=\"elementor-element elementor-element-e507d74 elementor-hidden-widescreen elementor-hidden-desktop elementor-hidden-laptop elementor-hidden-tablet_extra elementor-hidden-tablet elementor-hidden-mobile_extra elementor-widget elementor-widget-heading\" data-id=\"e507d74\" data-element_type=\"widget\" data-e-type=\"widget\" data-widget_type=\"heading.default\">\n\t\t\t\t<div class=\"elementor-widget-container\">\n\t\t\t\t\t<h2 class=\"elementor-heading-title elementor-size-default\">S\u00e1bado, 20 de diciembre de 2025, a las 18:00 h, Via Brigata Sassari n.\u00ba 4, Quartu S. Elena.<\/h2>\t\t\t\t<\/div>\n\t\t\t\t<\/div>\n\t\t\t\t<div class=\"elementor-element elementor-element-6ac59b92 elementor-hidden-widescreen elementor-hidden-desktop elementor-hidden-laptop elementor-hidden-tablet_extra elementor-hidden-tablet elementor-hidden-mobile_extra elementor-widget elementor-widget-heading\" data-id=\"6ac59b92\" data-element_type=\"widget\" data-e-type=\"widget\" data-widget_type=\"heading.default\">\n\t\t\t\t<div class=\"elementor-widget-container\">\n\t\t\t\t\t<h2 class=\"elementor-heading-title elementor-size-default\">Moderadores: Gian Pietro Leonardi y Michele Pipia<\/h2>\t\t\t\t<\/div>\n\t\t\t\t<\/div>\n\t\t\t\t<div class=\"elementor-element elementor-element-f951f06 elementor-widget elementor-widget-heading\" data-id=\"f951f06\" data-element_type=\"widget\" data-e-type=\"widget\" data-widget_type=\"heading.default\">\n\t\t\t\t<div class=\"elementor-widget-container\">\n\t\t\t\t\t<h3 class=\"elementor-heading-title elementor-size-default\">El festival Rainbook presenta:<\/h3>\t\t\t\t<\/div>\n\t\t\t\t<\/div>\n\t\t\t\t<div class=\"elementor-element elementor-element-24c68147 elementor-widget elementor-widget-heading\" data-id=\"24c68147\" data-element_type=\"widget\" data-e-type=\"widget\" data-widget_type=\"heading.default\">\n\t\t\t\t<div class=\"elementor-widget-container\">\n\t\t\t\t\t<h3 class=\"elementor-heading-title elementor-size-default\">La mia Casa ideale<\/h3>\t\t\t\t<\/div>\n\t\t\t\t<\/div>\n\t\t\t\t<div class=\"elementor-element elementor-element-f7f5675 elementor-widget elementor-widget-heading\" data-id=\"f7f5675\" data-element_type=\"widget\" data-e-type=\"widget\" data-widget_type=\"heading.default\">\n\t\t\t\t<div class=\"elementor-widget-container\">\n\t\t\t\t\t<h2 class=\"elementor-heading-title elementor-size-default\">de<\/h2>\t\t\t\t<\/div>\n\t\t\t\t<\/div>\n\t\t\t\t<div class=\"elementor-element elementor-element-66b28ee4 notranslate elementor-widget elementor-widget-theme-post-title elementor-page-title elementor-widget-heading\" data-id=\"66b28ee4\" data-element_type=\"widget\" data-e-type=\"widget\" data-widget_type=\"theme-post-title.default\">\n\t\t\t\t<div class=\"elementor-widget-container\">\n\t\t\t\t\t<h1 class=\"elementor-heading-title elementor-size-default\">Nadia<br>Mayer<\/h1>\t\t\t\t<\/div>\n\t\t\t\t<\/div>\n\t\t\t\t<div class=\"elementor-element elementor-element-4a88b33c elementor-widget elementor-widget-image\" data-id=\"4a88b33c\" data-element_type=\"widget\" data-e-type=\"widget\" data-widget_type=\"image.default\">\n\t\t\t\t<div class=\"elementor-widget-container\">\n\t\t\t\t\t\t\t\t\t\t\t\t\t\t\t<img fetchpriority=\"high\" decoding=\"async\" width=\"700\" height=\"1024\" src=\"https:\/\/rainbook.it\/wp-content\/uploads\/2024\/10\/la_mia_casa_ideale_nadia_mayer_copertina-700x1024.jpg\" class=\"attachment-large size-large wp-image-23809\" alt=\"Copertina del libro \u201c[La mia casa ideale. Dove la felicit\u00e0 \u00e8 una scelta]\u201d di Nadia Mayer, Rizzoli; su sfondo rosa chiaro, grande titolo in caratteri rosa con illustrazione a linea sottile di una casa moderna e ritratto fotografico dell\u2019autrice in un medaglione circolare in alto a sinistra.\" srcset=\"https:\/\/rainbook.it\/wp-content\/uploads\/2024\/10\/la_mia_casa_ideale_nadia_mayer_copertina-700x1024.jpg 700w, https:\/\/rainbook.it\/wp-content\/uploads\/2024\/10\/la_mia_casa_ideale_nadia_mayer_copertina-205x300.jpg 205w, https:\/\/rainbook.it\/wp-content\/uploads\/2024\/10\/la_mia_casa_ideale_nadia_mayer_copertina-768x1123.jpg 768w, https:\/\/rainbook.it\/wp-content\/uploads\/2024\/10\/la_mia_casa_ideale_nadia_mayer_copertina.jpg 1000w\" sizes=\"(max-width: 700px) 100vw, 700px\" \/>\t\t\t\t\t\t\t\t\t\t\t\t\t\t\t<\/div>\n\t\t\t\t<\/div>\n\t\t\t\t<div class=\"elementor-element elementor-element-89f5808 elementor-widget elementor-widget-text-editor\" data-id=\"89f5808\" data-element_type=\"widget\" data-e-type=\"widget\" data-widget_type=\"text-editor.default\">\n\t\t\t\t<div class=\"elementor-widget-container\">\n\t\t\t\t\t\t\t\t\t<p>Interior design<\/p>\t\t\t\t\t\t\t\t<\/div>\n\t\t\t\t<\/div>\n\t\t\t\t<div class=\"elementor-element elementor-element-f6e63b0 elementor-widget elementor-widget-heading\" data-id=\"f6e63b0\" data-element_type=\"widget\" data-e-type=\"widget\" data-widget_type=\"heading.default\">\n\t\t\t\t<div class=\"elementor-widget-container\">\n\t\t\t\t\t<h4 class=\"elementor-heading-title elementor-size-default\">P\u00e1ginas: 160<\/h4>\t\t\t\t<\/div>\n\t\t\t\t<\/div>\n\t\t\t\t<div class=\"elementor-element elementor-element-952ffe1 elementor-widget-mobile__width-inherit elementor-widget__width-inherit elementor-widget elementor-widget-n-accordion\" data-id=\"952ffe1\" data-element_type=\"widget\" data-e-type=\"widget\" data-settings=\"{&quot;default_state&quot;:&quot;all_collapsed&quot;,&quot;max_items_expended&quot;:&quot;one&quot;,&quot;n_accordion_animation_duration&quot;:{&quot;unit&quot;:&quot;ms&quot;,&quot;size&quot;:400,&quot;sizes&quot;:[]}}\" data-widget_type=\"nested-accordion.default\">\n\t\t\t\t<div class=\"elementor-widget-container\">\n\t\t\t\t\t\t\t<div class=\"e-n-accordion\" aria-label=\"Accordion. Open links with Enter or Space, close with Escape, and navigate with Arrow Keys\">\n\t\t\t\t\t\t<details id=\"e-n-accordion-item-1560\" class=\"e-n-accordion-item\" >\n\t\t\t\t<summary class=\"e-n-accordion-item-title\" data-accordion-index=\"1\" tabindex=\"0\" aria-expanded=\"false\" aria-controls=\"e-n-accordion-item-1560\" >\n\t\t\t\t\t<span class='e-n-accordion-item-title-header'><h2 class=\"e-n-accordion-item-title-text\"> Leer la descripci\u00f3n <\/h2><\/span>\n\t\t\t\t\t\t\t<span class='e-n-accordion-item-title-icon'>\n\t\t\t<span class='e-opened' ><i aria-hidden=\"true\" class=\"fas fa-minus\"><\/i><\/span>\n\t\t\t<span class='e-closed'><i aria-hidden=\"true\" class=\"fas fa-book-open\"><\/i><\/span>\n\t\t<\/span>\n\n\t\t\t\t\t\t<\/summary>\n\t\t\t\t<div role=\"region\" aria-labelledby=\"e-n-accordion-item-1560\" class=\"elementor-element elementor-element-ec647e9 e-con-full e-flex e-con e-child\" data-id=\"ec647e9\" data-element_type=\"container\" data-e-type=\"container\">\n\t\t\t\t<div class=\"elementor-element elementor-element-62f4b63 elementor-widget elementor-widget-text-editor\" data-id=\"62f4b63\" data-element_type=\"widget\" data-e-type=\"widget\" data-widget_type=\"text-editor.default\">\n\t\t\t\t<div class=\"elementor-widget-container\">\n\t\t\t\t\t\t\t\t\t<p>La casa no es solo un conjunto est\u00e1tico de paredes y metros cuadrados, un \u00abtesoro\u00bb en el que invertir, el escenario neutro de nuestras vidas. La casa es (o deber\u00eda ser) el feliz tel\u00f3n de fondo de cada d\u00eda: el lugar desde el que partir y al que volver, en el que vivir las relaciones y cultivar los afectos, en el que sentirse a gusto y crear una dimensi\u00f3n personal propia. Nadia Mayer, elegante y refinada presentadora de Casa a prima vista, agente inmobiliaria con una larga experiencia, pero tambi\u00e9n esposa y madre de cinco hijos, nos transmite en estas p\u00e1ginas el principio en el que se basa toda su carrera: las casas en las que vivimos, independientemente de sus condiciones objetivas, deben hacer sentir bien a quienes las habitan. As\u00ed que, \u00a1adelante con los consejos para embellecer las habitaciones con poco, optimizar los espacios con ideas creativas y aprender a ver el potencial de los ambientes! Nadia nos cuenta c\u00f3mo cambian las necesidades con el tiempo y c\u00f3mo, en consecuencia, tambi\u00e9n podemos modificar nuestras viviendas, haci\u00e9ndolas cada vez m\u00e1s parecidas a quienes somos y a lo que deseamos. Mi casa ideal, lejos de ser un simple manual que ense\u00f1a de manera as\u00e9ptica a buscar casa y gastar bien el presupuesto, es un himno al bien habiter, un conjunto de valiosos consejos con los que la autora transmite la incontenible pasi\u00f3n por su oficio&#8230; \u00a1y por todas las posibles soluciones de Nadia!     <\/p>\t\t\t\t\t\t\t\t<\/div>\n\t\t\t\t<\/div>\n\t\t\t\t<\/div>\n\t\t\t\t\t<\/details>\n\t\t\t\t\t<\/div>\n\t\t\t\t\t\t<\/div>\n\t\t\t\t<\/div>\n\t\t\t\t<div class=\"elementor-element elementor-element-05899a9 elementor-widget elementor-widget-text-editor\" data-id=\"05899a9\" data-element_type=\"widget\" data-e-type=\"widget\" data-widget_type=\"text-editor.default\">\n\t\t\t\t<div class=\"elementor-widget-container\">\n\t\t\t\t\t\t\t\t\t<p><strong>Fuente sinopsis<\/strong>: <a href=\"https:\/\/www.rizzolilibri.it\/libri\/la-mia-casa-ideale\/\">Rizzolilibri.it<\/a><\/p><p><strong>Fecha de publicaci\u00f3n<\/strong>: <em>16 de septiembre de 2025<\/em><\/p>\t\t\t\t\t\t\t\t<\/div>\n\t\t\t\t<\/div>\n\t\t\t\t<div class=\"elementor-element elementor-element-2bbe9b8c elementor-widget elementor-widget-heading\" data-id=\"2bbe9b8c\" data-element_type=\"widget\" data-e-type=\"widget\" data-widget_type=\"heading.default\">\n\t\t\t\t<div class=\"elementor-widget-container\">\n\t\t\t\t\t<h2 class=\"elementor-heading-title elementor-size-default\">Cartel <\/h2>\t\t\t\t<\/div>\n\t\t\t\t<\/div>\n\t\t\t\t<div class=\"elementor-element elementor-element-02a6b0e elementor-widget elementor-widget-image\" data-id=\"02a6b0e\" data-element_type=\"widget\" data-e-type=\"widget\" data-widget_type=\"image.default\">\n\t\t\t\t<div class=\"elementor-widget-container\">\n\t\t\t\t\t\t\t\t\t\t\t\t\t\t\t<img decoding=\"async\" width=\"800\" height=\"800\" src=\"https:\/\/rainbook.it\/wp-content\/uploads\/2024\/10\/nadia_mayer_festival_rainbook_2025-1024x1024.jpg\" class=\"attachment-large size-large wp-image-23810\" alt=\"Cartel del Festival Literario Rainbook \u2013 encuentro con la autora Nadia Mayer y el libro \u00ab[La mia casa ideale. Dove la felicit\u00e0 \u00e8 una scelta]\u00bb (Mi casa ideal. Donde la felicidad es una elecci\u00f3n) (Rizzoli), lecturas de Carlo Antonio Angioni, coordinadas por Gian Pietro Leonardi y Michele Pipia; a la izquierda, la portada rosa del libro; a la derecha, la foto de la autora; abajo, detalles del evento: s\u00e1bado 20 de diciembre a las 18:00 h, Ex Convento, Via Brigata Sassari 4, Quartu Sant\u2019Elena, con los logotipos de Rainbook, Libri \u00e0 Buffet y asociaciones colaboradoras.\" srcset=\"https:\/\/rainbook.it\/wp-content\/uploads\/2024\/10\/nadia_mayer_festival_rainbook_2025-1024x1024.jpg 1024w, https:\/\/rainbook.it\/wp-content\/uploads\/2024\/10\/nadia_mayer_festival_rainbook_2025-300x300.jpg 300w, https:\/\/rainbook.it\/wp-content\/uploads\/2024\/10\/nadia_mayer_festival_rainbook_2025-150x150.jpg 150w, https:\/\/rainbook.it\/wp-content\/uploads\/2024\/10\/nadia_mayer_festival_rainbook_2025-768x768.jpg 768w, https:\/\/rainbook.it\/wp-content\/uploads\/2024\/10\/nadia_mayer_festival_rainbook_2025-1536x1536.jpg 1536w, https:\/\/rainbook.it\/wp-content\/uploads\/2024\/10\/nadia_mayer_festival_rainbook_2025-2048x2048.jpg 2048w\" sizes=\"(max-width: 800px) 100vw, 800px\" \/>\t\t\t\t\t\t\t\t\t\t\t\t\t\t\t<\/div>\n\t\t\t\t<\/div>\n\t\t\t\t<div class=\"elementor-element elementor-element-d854ffb elementor-widget elementor-widget-heading\" data-id=\"d854ffb\" data-element_type=\"widget\" data-e-type=\"widget\" data-widget_type=\"heading.default\">\n\t\t\t\t<div class=\"elementor-widget-container\">\n\t\t\t\t\t<h2 class=\"elementor-heading-title elementor-size-default\">Im\u00e1genes de la presentaci\u00f3n<\/h2>\t\t\t\t<\/div>\n\t\t\t\t<\/div>\n\t\t\t\t<div class=\"elementor-element elementor-element-77dad64 elementor-widget elementor-widget-image\" data-id=\"77dad64\" data-element_type=\"widget\" data-e-type=\"widget\" data-widget_type=\"image.default\">\n\t\t\t\t<div class=\"elementor-widget-container\">\n\t\t\t\t\t\t\t\t\t\t\t\t\t\t\t<img decoding=\"async\" width=\"800\" height=\"800\" src=\"https:\/\/rainbook.it\/wp-content\/uploads\/2024\/10\/grazie-per-la-pazienza-1024x1024.png\" class=\"attachment-large size-large wp-image-20636\" alt=\"Gr\u00e1fico \u00abGracias por su paciencia\u00bb con el logotipo de Rainbook, texto biling\u00fce que anuncia la pr\u00f3xima publicaci\u00f3n de las fotograf\u00edas sobre un fondo azul ilustrado.\" srcset=\"https:\/\/rainbook.it\/wp-content\/uploads\/2024\/10\/grazie-per-la-pazienza-1024x1024.png 1024w, https:\/\/rainbook.it\/wp-content\/uploads\/2024\/10\/grazie-per-la-pazienza-300x300.png 300w, https:\/\/rainbook.it\/wp-content\/uploads\/2024\/10\/grazie-per-la-pazienza-150x150.png 150w, https:\/\/rainbook.it\/wp-content\/uploads\/2024\/10\/grazie-per-la-pazienza-768x768.png 768w, https:\/\/rainbook.it\/wp-content\/uploads\/2024\/10\/grazie-per-la-pazienza.png 1080w\" sizes=\"(max-width: 800px) 100vw, 800px\" \/>\t\t\t\t\t\t\t\t\t\t\t\t\t\t\t<\/div>\n\t\t\t\t<\/div>\n\t\t\t\t<div class=\"elementor-element elementor-element-60559a98 elementor-widget elementor-widget-spacer\" data-id=\"60559a98\" data-element_type=\"widget\" data-e-type=\"widget\" data-widget_type=\"spacer.default\">\n\t\t\t\t<div class=\"elementor-widget-container\">\n\t\t\t\t\t\t\t<div class=\"elementor-spacer\">\n\t\t\t<div class=\"elementor-spacer-inner\"><\/div>\n\t\t<\/div>\n\t\t\t\t\t\t<\/div>\n\t\t\t\t<\/div>\n\t\t\t\t\t<\/div>\n\t\t<\/div>\n\t\t\t\t<div class=\"elementor-column elementor-col-33 elementor-top-column elementor-element elementor-element-48d5ff4f\" data-id=\"48d5ff4f\" data-element_type=\"column\" data-e-type=\"column\" data-settings=\"{&quot;background_background&quot;:&quot;classic&quot;}\">\n\t\t\t<div class=\"elementor-widget-wrap elementor-element-populated\">\n\t\t\t\t\t\t<div class=\"elementor-element elementor-element-eb8d80b elementor-hidden-tablet_extra elementor-hidden-tablet elementor-hidden-mobile_extra elementor-hidden-mobile elementor-widget elementor-widget-spacer\" data-id=\"eb8d80b\" data-element_type=\"widget\" data-e-type=\"widget\" data-widget_type=\"spacer.default\">\n\t\t\t\t<div class=\"elementor-widget-container\">\n\t\t\t\t\t\t\t<div class=\"elementor-spacer\">\n\t\t\t<div class=\"elementor-spacer-inner\"><\/div>\n\t\t<\/div>\n\t\t\t\t\t\t<\/div>\n\t\t\t\t<\/div>\n\t\t\t\t<div class=\"elementor-element elementor-element-1ddc4838 elementor-search-form--skin-classic elementor-search-form--button-type-icon elementor-search-form--icon-search elementor-widget elementor-widget-search-form\" data-id=\"1ddc4838\" data-element_type=\"widget\" data-e-type=\"widget\" data-settings=\"{&quot;skin&quot;:&quot;classic&quot;}\" data-widget_type=\"search-form.default\">\n\t\t\t\t<div class=\"elementor-widget-container\">\n\t\t\t\t\t\t\t<search role=\"search\">\n\t\t\t<form class=\"elementor-search-form\" action=\"https:\/\/rainbook.it\/es\/\" method=\"get\">\n\t\t\t\t\t\t\t\t\t\t\t\t<div class=\"elementor-search-form__container\">\n\t\t\t\t\t<label class=\"elementor-screen-only\" for=\"elementor-search-form-1ddc4838\">Buscar<\/label>\n\n\t\t\t\t\t\n\t\t\t\t\t<input id=\"elementor-search-form-1ddc4838\" placeholder=\"Busca aqu\u00ed...\" class=\"elementor-search-form__input\" type=\"search\" name=\"s\" value=\"\">\n\t\t\t\t\t<input type='hidden' name='lang' value='es' \/>\n\t\t\t\t\t\t\t\t\t\t\t<button class=\"elementor-search-form__submit\" type=\"submit\" aria-label=\"Buscar\">\n\t\t\t\t\t\t\t\t\t\t\t\t\t\t\t<i aria-hidden=\"true\" class=\"fas fa-search\"><\/i>\t\t\t\t\t\t\t\t\t\t\t\t\t<\/button>\n\t\t\t\t\t\n\t\t\t\t\t\t\t\t\t<\/div>\n\t\t\t<\/form>\n\t\t<\/search>\n\t\t\t\t\t\t<\/div>\n\t\t\t\t<\/div>\n\t\t\t\t<div class=\"elementor-element elementor-element-4e75e52d elementor-widget elementor-widget-heading\" data-id=\"4e75e52d\" data-element_type=\"widget\" data-e-type=\"widget\" data-widget_type=\"heading.default\">\n\t\t\t\t<div class=\"elementor-widget-container\">\n\t\t\t\t\t<h4 class=\"elementor-heading-title elementor-size-default\">Acerca de la autora...<\/h4>\t\t\t\t<\/div>\n\t\t\t\t<\/div>\n\t\t\t\t<div class=\"elementor-element elementor-element-3277ce15 elementor-widget elementor-widget-image\" data-id=\"3277ce15\" data-element_type=\"widget\" data-e-type=\"widget\" data-widget_type=\"image.default\">\n\t\t\t\t<div class=\"elementor-widget-container\">\n\t\t\t\t\t\t\t\t\t\t\t\t\t\t\t<img loading=\"lazy\" decoding=\"async\" width=\"594\" height=\"594\" src=\"https:\/\/rainbook.it\/wp-content\/uploads\/2024\/10\/nadia_mayer_fotografia.jpg\" class=\"attachment-medium_large size-medium_large wp-image-23811\" alt=\"\" srcset=\"https:\/\/rainbook.it\/wp-content\/uploads\/2024\/10\/nadia_mayer_fotografia.jpg 594w, https:\/\/rainbook.it\/wp-content\/uploads\/2024\/10\/nadia_mayer_fotografia-300x300.jpg 300w, https:\/\/rainbook.it\/wp-content\/uploads\/2024\/10\/nadia_mayer_fotografia-150x150.jpg 150w\" sizes=\"(max-width: 594px) 100vw, 594px\" \/>\t\t\t\t\t\t\t\t\t\t\t\t\t\t\t<\/div>\n\t\t\t\t<\/div>\n\t\t\t\t<div class=\"elementor-element elementor-element-18f2c826 elementor-widget elementor-widget-text-editor\" data-id=\"18f2c826\" data-element_type=\"widget\" data-e-type=\"widget\" data-widget_type=\"text-editor.default\">\n\t\t\t\t<div class=\"elementor-widget-container\">\n\t\t\t\t\t\t\t\t\t<p>Nadia Mayer, nacida en Trento en 1964 y romana de adopci\u00f3n, es agente inmobiliaria y una cara muy querida del programa Casa a prima vista. <br>Con un pasado como modelo, fund\u00f3 su agencia Mayer Real Estate tras a\u00f1os de experiencia en el sector, combinando competencia t\u00e9cnica y estilo personal.<br>En 2025 public\u00f3 el libro La mia casa ideale (Mi casa ideal), en el que describe la casa como un lugar de afectos y espejo de la identidad, m\u00e1s que como una simple inversi\u00f3n.<br>A trav\u00e9s de consejos y relatos, invita a construir espacios que reflejen realmente a quienes los habitan y favorezcan el bienestar y la autenticidad.<br>Madre de cinco hijos, aporta una visi\u00f3n profundamente humana sobre el concepto de familia y la vida cotidiana en el hogar.<br>Su presencia en el festival ofrece una reflexi\u00f3n original sobre el habitar como forma de encontrar, tambi\u00e9n simb\u00f3licamente, el propio lugar en el mundo.<\/p>\t\t\t\t\t\t\t\t<\/div>\n\t\t\t\t<\/div>\n\t\t\t\t<div class=\"elementor-element elementor-element-516e5607 elementor-shape-circle elementor-grid-0 e-grid-align-center elementor-widget elementor-widget-social-icons\" data-id=\"516e5607\" data-element_type=\"widget\" data-e-type=\"widget\" data-widget_type=\"social-icons.default\">\n\t\t\t\t<div class=\"elementor-widget-container\">\n\t\t\t\t\t\t\t<div class=\"elementor-social-icons-wrapper elementor-grid\" role=\"list\">\n\t\t\t\t\t\t\t<span class=\"elementor-grid-item\" role=\"listitem\">\n\t\t\t\t\t<a class=\"elementor-icon elementor-social-icon elementor-social-icon-facebook-f elementor-repeater-item-0d1bf11\" href=\"https:\/\/www.facebook.com\/RainbookFestival\" target=\"_blank\">\n\t\t\t\t\t\t<span class=\"elementor-screen-only\">Facebook-f<\/span>\n\t\t\t\t\t\t<i aria-hidden=\"true\" class=\"fab fa-facebook-f\"><\/i>\t\t\t\t\t<\/a>\n\t\t\t\t<\/span>\n\t\t\t\t\t\t\t<span class=\"elementor-grid-item\" role=\"listitem\">\n\t\t\t\t\t<a class=\"elementor-icon elementor-social-icon elementor-social-icon-instagram elementor-repeater-item-2113822\" href=\"https:\/\/www.instagram.com\/rainbook_festival\/\" target=\"_blank\">\n\t\t\t\t\t\t<span class=\"elementor-screen-only\">Instagram<\/span>\n\t\t\t\t\t\t<i aria-hidden=\"true\" class=\"fab fa-instagram\"><\/i>\t\t\t\t\t<\/a>\n\t\t\t\t<\/span>\n\t\t\t\t\t\t\t<span class=\"elementor-grid-item\" role=\"listitem\">\n\t\t\t\t\t<a class=\"elementor-icon elementor-social-icon elementor-social-icon-youtube elementor-repeater-item-24858d7\" target=\"_blank\">\n\t\t\t\t\t\t<span class=\"elementor-screen-only\">Youtube<\/span>\n\t\t\t\t\t\t<i aria-hidden=\"true\" class=\"fab fa-youtube\"><\/i>\t\t\t\t\t<\/a>\n\t\t\t\t<\/span>\n\t\t\t\t\t<\/div>\n\t\t\t\t\t\t<\/div>\n\t\t\t\t<\/div>\n\t\t\t\t<div class=\"elementor-element elementor-element-316419aa elementor-widget elementor-widget-heading\" data-id=\"316419aa\" data-element_type=\"widget\" data-e-type=\"widget\" data-widget_type=\"heading.default\">\n\t\t\t\t<div class=\"elementor-widget-container\">\n\t\t\t\t\t<h4 class=\"elementor-heading-title elementor-size-default\">Otros autores<\/h4>\t\t\t\t<\/div>\n\t\t\t\t<\/div>\n\t\t\t\t<div class=\"elementor-element elementor-element-c6f37e5 elementor-widget elementor-widget-heading\" data-id=\"c6f37e5\" data-element_type=\"widget\" data-e-type=\"widget\" data-widget_type=\"heading.default\">\n\t\t\t\t<div class=\"elementor-widget-container\">\n\t\t\t\t\t<h2 class=\"elementor-heading-title elementor-size-default\">Las categor\u00edas<\/h2>\t\t\t\t<\/div>\n\t\t\t\t<\/div>\n\t\t\t\t<div class=\"elementor-element elementor-element-ab0237f elementor-widget elementor-widget-heading\" data-id=\"ab0237f\" data-element_type=\"widget\" data-e-type=\"widget\" data-widget_type=\"heading.default\">\n\t\t\t\t<div class=\"elementor-widget-container\">\n\t\t\t\t\t<h2 class=\"elementor-heading-title elementor-size-default\">del Festival Rainbook<\/h2>\t\t\t\t<\/div>\n\t\t\t\t<\/div>\n\t\t\t\t\t<\/div>\n\t\t<\/div>\n\t\t\t\t\t<\/div>\n\t\t<\/section>\n\t\t\t\t<\/div>\n\t\t","protected":false},"excerpt":{"rendered":"<p>\u00bfd\u00f3nde? \u00bfCu\u00e1ndo? \u00bfQui\u00e9n modera? Ex Convento dei Cappuccini &#8211; Quartu S. Elena S\u00e1bado, 20 de diciembre de 2025, a las 18:00 horas. Gian Pietro Leonardi y Michele Pipia S\u00e1bado, 20 de diciembre de 2025, a las 18:00 h, Via Brigata Sassari n.\u00ba 4, Quartu S. Elena. Moderadores: Gian Pietro Leonardi y Michele Pipia El festival Rainbook presenta: La mia Casa ideale de Interior design P\u00e1ginas: 160 Leer la descripci\u00f3n La casa no es solo un conjunto est\u00e1tico de paredes y metros cuadrados, un \u00abtesoro\u00bb en el que invertir, el escenario neutro de nuestras vidas. La casa es (o deber\u00eda ser) el feliz tel\u00f3n de fondo de cada d\u00eda: el lugar desde el que partir y al que volver, en el que vivir las relaciones y cultivar los afectos, en el que sentirse a gusto y crear una dimensi\u00f3n personal propia. Nadia Mayer, elegante y refinada presentadora de Casa a prima vista, agente inmobiliaria con una larga experiencia, pero tambi\u00e9n esposa y madre de cinco hijos, nos transmite en estas p\u00e1ginas el principio en el que se basa toda su carrera: las casas en las que vivimos, independientemente de sus condiciones objetivas, deben hacer sentir bien a quienes las habitan. As\u00ed que, \u00a1adelante con los consejos para embellecer las habitaciones con poco, optimizar los espacios con ideas creativas y aprender a ver el potencial de los ambientes! Nadia nos cuenta c\u00f3mo cambian las necesidades con el tiempo y c\u00f3mo, en consecuencia, tambi\u00e9n podemos modificar nuestras viviendas, haci\u00e9ndolas cada vez m\u00e1s parecidas a quienes somos y a lo que deseamos. Mi casa ideal, lejos de ser un simple manual que ense\u00f1a de manera as\u00e9ptica a buscar casa y gastar bien el presupuesto, es un himno al bien habiter, un conjunto de valiosos consejos con los que la autora transmite la incontenible pasi\u00f3n por su oficio&#8230; \u00a1y por todas las posibles soluciones de Nadia! La casa no es solo un conjunto est\u00e1tico de paredes y metros cuadrados, un \u00abtesoro\u00bb en el que invertir, el escenario neutro de nuestras vidas. La casa es (o deber\u00eda ser) el feliz tel\u00f3n de fondo de cada d\u00eda: el lugar desde el que partir y al que volver, en el que vivir las relaciones y cultivar los afectos, en el que sentirse a gusto y crear una dimensi\u00f3n personal propia. Nadia Mayer, elegante y refinada presentadora de Casa a prima vista, agente inmobiliaria con una larga experiencia, pero tambi\u00e9n esposa y madre de cinco hijos, nos transmite en estas p\u00e1ginas el principio en el que se basa toda su carrera: las casas en las que vivimos, independientemente de sus condiciones objetivas, deben hacer sentir bien a quienes las habitan. As\u00ed que, \u00a1adelante con los consejos para embellecer las habitaciones con poco, optimizar los espacios con ideas creativas y aprender a ver el potencial de los ambientes! Nadia nos cuenta c\u00f3mo cambian las necesidades con el tiempo y c\u00f3mo, en consecuencia, tambi\u00e9n podemos modificar nuestras viviendas, haci\u00e9ndolas cada vez m\u00e1s parecidas a quienes somos y a lo que deseamos. Mi casa ideal, lejos de ser un simple manual que ense\u00f1a de manera as\u00e9ptica a buscar casa y gastar bien el presupuesto, es un himno al bien habiter, un conjunto de valiosos consejos con los que la autora transmite la incontenible pasi\u00f3n por su oficio&#8230; \u00a1y por todas las posibles soluciones de Nadia! Fuente sinopsis: Rizzolilibri.it Fecha de publicaci\u00f3n: 16 de septiembre de 2025 Cartel Im\u00e1genes de la presentaci\u00f3n Acerca de la autora&#8230; Nadia Mayer, nacida en Trento en 1964 y romana de adopci\u00f3n, es agente inmobiliaria y una cara muy querida del programa Casa a prima vista. Con un pasado como modelo, fund\u00f3 su agencia Mayer Real Estate tras a\u00f1os de experiencia en el sector, combinando competencia t\u00e9cnica y estilo personal.En 2025 public\u00f3 el libro La mia casa ideale (Mi casa ideal), en el que describe la casa como un lugar de afectos y espejo de la identidad, m\u00e1s que como una simple inversi\u00f3n.A trav\u00e9s de consejos y relatos, invita a construir espacios que reflejen realmente a quienes los habitan y favorezcan el bienestar y la autenticidad.Madre de cinco hijos, aporta una visi\u00f3n profundamente humana sobre el concepto de familia y la vida cotidiana en el hogar.Su presencia en el festival ofrece una reflexi\u00f3n original sobre el habitar como forma de encontrar, tambi\u00e9n simb\u00f3licamente, el propio lugar en el mundo. Facebook-f Instagram Youtube Otros autores Las categor\u00edas del Festival Rainbook Biografia bullismo Dibattito Diritti Civili Disabilit\u00e0 Famiglia e Relazioni Fantasy Fotografia e Fotografi Fumetti &amp; graphic novels Gialli e thriller Interior design Letteratura Teatrale LGBT Movimenti e periodi Narrativa Contemporanea Narrativa di genere Narrativa Erotica e Rosa Narrativa italiana politica e comunicazione Relazioni e salute Societ\u00e0 Societ\u00e0 e Scienze sociali Sociologia Storia e critica<\/p>\n","protected":false},"author":1,"featured_media":23811,"comment_status":"closed","ping_status":"open","sticky":false,"template":"elementor_header_footer","format":"standard","meta":{"footnotes":""},"categories":[95],"tags":[177],"class_list":["post-23812","post","type-post","status-publish","format-standard","has-post-thumbnail","hentry","category-edicion-2025","tag-interior-design"],"yoast_head":"<!-- This site is optimized with the Yoast SEO plugin v27.3 - https:\/\/yoast.com\/product\/yoast-seo-wordpress\/ -->\n<title>Rainbook Festival | NadiaMayer<\/title>\n<meta name=\"description\" content=\"El s\u00e1bado 20 de diciembre de 2025, en el festival Rainbook, tendr\u00e1 lugar la presentaci\u00f3n del libro de Nadia Mayer: Mi casa ideal.\" \/>\n<meta name=\"robots\" content=\"index, follow, max-snippet:-1, max-image-preview:large, max-video-preview:-1\" \/>\n<link rel=\"canonical\" href=\"https:\/\/rainbook.it\/es\/nadiamayer\/edicion-2025\/12\/2025\/\" \/>\n<meta property=\"og:locale\" content=\"es_ES\" \/>\n<meta property=\"og:type\" content=\"article\" \/>\n<meta property=\"og:title\" content=\"Nadia Mayer por el Festival Rainbook\" \/>\n<meta property=\"og:description\" content=\"El s\u00e1bado 20 de diciembre de 2025, en el festival Rainbook, se presentar\u00e1 el libro: La mia casa Ideale (Mi casa ideal). Lugar: Ex Convento - Quartu S. Elena.\" \/>\n<meta property=\"og:url\" content=\"https:\/\/rainbook.it\/es\/nadiamayer\/edicion-2025\/12\/2025\/\" \/>\n<meta property=\"og:site_name\" content=\"Rainbook Festival\" \/>\n<meta property=\"article:publisher\" content=\"https:\/\/www.facebook.com\/RainbookFestival\/\" \/>\n<meta property=\"article:published_time\" content=\"2025-12-15T19:12:35+00:00\" \/>\n<meta property=\"article:modified_time\" content=\"2025-12-15T19:13:28+00:00\" \/>\n<meta property=\"og:image\" content=\"https:\/\/rainbook.it\/wp-content\/uploads\/2024\/10\/nadia_mayer_fotografia-300x300.jpg\" \/>\n<meta name=\"author\" content=\"baabalgbt@gmail.com\" \/>\n<meta name=\"twitter:card\" content=\"summary_large_image\" \/>\n<meta name=\"twitter:label1\" content=\"Escrito por\" \/>\n\t<meta name=\"twitter:data1\" content=\"baabalgbt@gmail.com\" \/>\n\t<meta name=\"twitter:label2\" content=\"Tiempo de lectura\" \/>\n\t<meta name=\"twitter:data2\" content=\"4 minutos\" \/>\n<script type=\"application\/ld+json\" class=\"yoast-schema-graph\">{\"@context\":\"https:\\\/\\\/schema.org\",\"@graph\":[{\"@type\":[\"Article\",\"BlogPosting\"],\"@id\":\"https:\\\/\\\/rainbook.it\\\/es\\\/nadiamayer\\\/edicion-2025\\\/12\\\/2025\\\/#article\",\"isPartOf\":{\"@id\":\"https:\\\/\\\/rainbook.it\\\/es\\\/nadiamayer\\\/edicion-2025\\\/12\\\/2025\\\/\"},\"author\":{\"name\":\"baabalgbt@gmail.com\",\"@id\":\"https:\\\/\\\/rainbook.it\\\/es\\\/#\\\/schema\\\/person\\\/a577420ff0576f34fa5dd9509454dddb\"},\"headline\":\"Nadia Mayer\",\"datePublished\":\"2025-12-15T19:12:35+00:00\",\"dateModified\":\"2025-12-15T19:13:28+00:00\",\"mainEntityOfPage\":{\"@id\":\"https:\\\/\\\/rainbook.it\\\/es\\\/nadiamayer\\\/edicion-2025\\\/12\\\/2025\\\/\"},\"wordCount\":830,\"publisher\":{\"@id\":\"https:\\\/\\\/rainbook.it\\\/es\\\/#organization\"},\"image\":{\"@id\":\"https:\\\/\\\/rainbook.it\\\/es\\\/nadiamayer\\\/edicion-2025\\\/12\\\/2025\\\/#primaryimage\"},\"thumbnailUrl\":\"https:\\\/\\\/rainbook.it\\\/wp-content\\\/uploads\\\/2024\\\/10\\\/nadia_mayer_fotografia.jpg\",\"keywords\":[\"Interior design\"],\"articleSection\":[\"Edici\u00f3n 2025\"],\"inLanguage\":\"es\"},{\"@type\":\"WebPage\",\"@id\":\"https:\\\/\\\/rainbook.it\\\/es\\\/nadiamayer\\\/edicion-2025\\\/12\\\/2025\\\/\",\"url\":\"https:\\\/\\\/rainbook.it\\\/es\\\/nadiamayer\\\/edicion-2025\\\/12\\\/2025\\\/\",\"name\":\"Rainbook Festival | Nadia Mayer\",\"isPartOf\":{\"@id\":\"https:\\\/\\\/rainbook.it\\\/es\\\/#website\"},\"primaryImageOfPage\":{\"@id\":\"https:\\\/\\\/rainbook.it\\\/es\\\/nadiamayer\\\/edicion-2025\\\/12\\\/2025\\\/#primaryimage\"},\"image\":{\"@id\":\"https:\\\/\\\/rainbook.it\\\/es\\\/nadiamayer\\\/edicion-2025\\\/12\\\/2025\\\/#primaryimage\"},\"thumbnailUrl\":\"https:\\\/\\\/rainbook.it\\\/wp-content\\\/uploads\\\/2024\\\/10\\\/nadia_mayer_fotografia.jpg\",\"datePublished\":\"2025-12-15T19:12:35+00:00\",\"dateModified\":\"2025-12-15T19:13:28+00:00\",\"description\":\"El s\u00e1bado 20 de diciembre de 2025, en el festival Rainbook, tendr\u00e1 lugar la presentaci\u00f3n del libro de Nadia Mayer: Mi casa ideal.\",\"breadcrumb\":{\"@id\":\"https:\\\/\\\/rainbook.it\\\/es\\\/nadiamayer\\\/edicion-2025\\\/12\\\/2025\\\/#breadcrumb\"},\"inLanguage\":\"es\",\"potentialAction\":[{\"@type\":\"ReadAction\",\"target\":[\"https:\\\/\\\/rainbook.it\\\/es\\\/nadiamayer\\\/edicion-2025\\\/12\\\/2025\\\/\"]}]},{\"@type\":\"ImageObject\",\"inLanguage\":\"es\",\"@id\":\"https:\\\/\\\/rainbook.it\\\/es\\\/nadiamayer\\\/edicion-2025\\\/12\\\/2025\\\/#primaryimage\",\"url\":\"https:\\\/\\\/rainbook.it\\\/wp-content\\\/uploads\\\/2024\\\/10\\\/nadia_mayer_fotografia.jpg\",\"contentUrl\":\"https:\\\/\\\/rainbook.it\\\/wp-content\\\/uploads\\\/2024\\\/10\\\/nadia_mayer_fotografia.jpg\",\"width\":594,\"height\":594},{\"@type\":\"BreadcrumbList\",\"@id\":\"https:\\\/\\\/rainbook.it\\\/es\\\/nadiamayer\\\/edicion-2025\\\/12\\\/2025\\\/#breadcrumb\",\"itemListElement\":[{\"@type\":\"ListItem\",\"position\":1,\"name\":\"Home\",\"item\":\"https:\\\/\\\/rainbook.it\\\/es\\\/inicio\\\/\"},{\"@type\":\"ListItem\",\"position\":2,\"name\":\"Nadia&lt;br&gt;Mayer\"}]},{\"@type\":\"WebSite\",\"@id\":\"https:\\\/\\\/rainbook.it\\\/es\\\/#website\",\"url\":\"https:\\\/\\\/rainbook.it\\\/es\\\/\",\"name\":\"Rainbook Festival\",\"description\":\"Libri e Cultura LGBTQIA+\",\"publisher\":{\"@id\":\"https:\\\/\\\/rainbook.it\\\/es\\\/#organization\"},\"potentialAction\":[{\"@type\":\"SearchAction\",\"target\":{\"@type\":\"EntryPoint\",\"urlTemplate\":\"https:\\\/\\\/rainbook.it\\\/es\\\/?s={search_term_string}\"},\"query-input\":{\"@type\":\"PropertyValueSpecification\",\"valueRequired\":true,\"valueName\":\"search_term_string\"}}],\"inLanguage\":\"es\"},{\"@type\":\"Organization\",\"@id\":\"https:\\\/\\\/rainbook.it\\\/es\\\/#organization\",\"name\":\"Festival Rainbook\",\"url\":\"https:\\\/\\\/rainbook.it\\\/es\\\/\",\"logo\":{\"@type\":\"ImageObject\",\"inLanguage\":\"es\",\"@id\":\"https:\\\/\\\/rainbook.it\\\/es\\\/#\\\/schema\\\/logo\\\/image\\\/\",\"url\":\"https:\\\/\\\/rainbook.it\\\/wp-content\\\/uploads\\\/2022\\\/11\\\/FOLLOW-THE-RAINBOWq-scaled.jpg\",\"contentUrl\":\"https:\\\/\\\/rainbook.it\\\/wp-content\\\/uploads\\\/2022\\\/11\\\/FOLLOW-THE-RAINBOWq-scaled.jpg\",\"width\":2560,\"height\":2523,\"caption\":\"Festival Rainbook\"},\"image\":{\"@id\":\"https:\\\/\\\/rainbook.it\\\/es\\\/#\\\/schema\\\/logo\\\/image\\\/\"},\"sameAs\":[\"https:\\\/\\\/www.facebook.com\\\/RainbookFestival\\\/\",\"https:\\\/\\\/www.instagram.com\\\/rainbook_festival\\\/\"]},{\"@type\":\"Person\",\"@id\":\"https:\\\/\\\/rainbook.it\\\/es\\\/#\\\/schema\\\/person\\\/a577420ff0576f34fa5dd9509454dddb\",\"name\":\"baabalgbt@gmail.com\",\"image\":{\"@type\":\"ImageObject\",\"inLanguage\":\"es\",\"@id\":\"https:\\\/\\\/secure.gravatar.com\\\/avatar\\\/0ae4d5c80d47bd6d9a18f99e1a0e87fe11e78e2beb1ba05181f3ad62663d7cf1?s=96&d=mm&r=g\",\"url\":\"https:\\\/\\\/secure.gravatar.com\\\/avatar\\\/0ae4d5c80d47bd6d9a18f99e1a0e87fe11e78e2beb1ba05181f3ad62663d7cf1?s=96&d=mm&r=g\",\"contentUrl\":\"https:\\\/\\\/secure.gravatar.com\\\/avatar\\\/0ae4d5c80d47bd6d9a18f99e1a0e87fe11e78e2beb1ba05181f3ad62663d7cf1?s=96&d=mm&r=g\",\"caption\":\"baabalgbt@gmail.com\"},\"sameAs\":[\"https:\\\/\\\/rainbook.it\"],\"url\":\"https:\\\/\\\/rainbook.it\\\/es\\\/author\\\/baabalgbtgmail-com\\\/\"}]}<\/script>\n<!-- \/ Yoast SEO plugin. -->","yoast_head_json":{"title":"Rainbook Festival | NadiaMayer","description":"El s\u00e1bado 20 de diciembre de 2025, en el festival Rainbook, tendr\u00e1 lugar la presentaci\u00f3n del libro de Nadia Mayer: Mi casa ideal.","robots":{"index":"index","follow":"follow","max-snippet":"max-snippet:-1","max-image-preview":"max-image-preview:large","max-video-preview":"max-video-preview:-1"},"canonical":"https:\/\/rainbook.it\/es\/nadiamayer\/edicion-2025\/12\/2025\/","og_locale":"es_ES","og_type":"article","og_title":"Nadia Mayer por el Festival Rainbook","og_description":"El s\u00e1bado 20 de diciembre de 2025, en el festival Rainbook, se presentar\u00e1 el libro: La mia casa Ideale (Mi casa ideal). Lugar: Ex Convento - Quartu S. Elena.","og_url":"https:\/\/rainbook.it\/es\/nadiamayer\/edicion-2025\/12\/2025\/","og_site_name":"Rainbook Festival","article_publisher":"https:\/\/www.facebook.com\/RainbookFestival\/","article_published_time":"2025-12-15T19:12:35+00:00","article_modified_time":"2025-12-15T19:13:28+00:00","og_image":[{"url":"https:\/\/rainbook.it\/wp-content\/uploads\/2024\/10\/nadia_mayer_fotografia-300x300.jpg","type":"","width":"","height":""}],"author":"baabalgbt@gmail.com","twitter_card":"summary_large_image","twitter_misc":{"Escrito por":"baabalgbt@gmail.com","Tiempo de lectura":"4 minutos"},"schema":{"@context":"https:\/\/schema.org","@graph":[{"@type":["Article","BlogPosting"],"@id":"https:\/\/rainbook.it\/es\/nadiamayer\/edicion-2025\/12\/2025\/#article","isPartOf":{"@id":"https:\/\/rainbook.it\/es\/nadiamayer\/edicion-2025\/12\/2025\/"},"author":{"name":"baabalgbt@gmail.com","@id":"https:\/\/rainbook.it\/es\/#\/schema\/person\/a577420ff0576f34fa5dd9509454dddb"},"headline":"Nadia Mayer","datePublished":"2025-12-15T19:12:35+00:00","dateModified":"2025-12-15T19:13:28+00:00","mainEntityOfPage":{"@id":"https:\/\/rainbook.it\/es\/nadiamayer\/edicion-2025\/12\/2025\/"},"wordCount":830,"publisher":{"@id":"https:\/\/rainbook.it\/es\/#organization"},"image":{"@id":"https:\/\/rainbook.it\/es\/nadiamayer\/edicion-2025\/12\/2025\/#primaryimage"},"thumbnailUrl":"https:\/\/rainbook.it\/wp-content\/uploads\/2024\/10\/nadia_mayer_fotografia.jpg","keywords":["Interior design"],"articleSection":["Edici\u00f3n 2025"],"inLanguage":"es"},{"@type":"WebPage","@id":"https:\/\/rainbook.it\/es\/nadiamayer\/edicion-2025\/12\/2025\/","url":"https:\/\/rainbook.it\/es\/nadiamayer\/edicion-2025\/12\/2025\/","name":"Rainbook Festival | Nadia Mayer","isPartOf":{"@id":"https:\/\/rainbook.it\/es\/#website"},"primaryImageOfPage":{"@id":"https:\/\/rainbook.it\/es\/nadiamayer\/edicion-2025\/12\/2025\/#primaryimage"},"image":{"@id":"https:\/\/rainbook.it\/es\/nadiamayer\/edicion-2025\/12\/2025\/#primaryimage"},"thumbnailUrl":"https:\/\/rainbook.it\/wp-content\/uploads\/2024\/10\/nadia_mayer_fotografia.jpg","datePublished":"2025-12-15T19:12:35+00:00","dateModified":"2025-12-15T19:13:28+00:00","description":"El s\u00e1bado 20 de diciembre de 2025, en el festival Rainbook, tendr\u00e1 lugar la presentaci\u00f3n del libro de Nadia Mayer: Mi casa ideal.","breadcrumb":{"@id":"https:\/\/rainbook.it\/es\/nadiamayer\/edicion-2025\/12\/2025\/#breadcrumb"},"inLanguage":"es","potentialAction":[{"@type":"ReadAction","target":["https:\/\/rainbook.it\/es\/nadiamayer\/edicion-2025\/12\/2025\/"]}]},{"@type":"ImageObject","inLanguage":"es","@id":"https:\/\/rainbook.it\/es\/nadiamayer\/edicion-2025\/12\/2025\/#primaryimage","url":"https:\/\/rainbook.it\/wp-content\/uploads\/2024\/10\/nadia_mayer_fotografia.jpg","contentUrl":"https:\/\/rainbook.it\/wp-content\/uploads\/2024\/10\/nadia_mayer_fotografia.jpg","width":594,"height":594},{"@type":"BreadcrumbList","@id":"https:\/\/rainbook.it\/es\/nadiamayer\/edicion-2025\/12\/2025\/#breadcrumb","itemListElement":[{"@type":"ListItem","position":1,"name":"Home","item":"https:\/\/rainbook.it\/es\/inicio\/"},{"@type":"ListItem","position":2,"name":"Nadia&lt;br&gt;Mayer"}]},{"@type":"WebSite","@id":"https:\/\/rainbook.it\/es\/#website","url":"https:\/\/rainbook.it\/es\/","name":"Rainbook Festival","description":"Libri e Cultura LGBTQIA+","publisher":{"@id":"https:\/\/rainbook.it\/es\/#organization"},"potentialAction":[{"@type":"SearchAction","target":{"@type":"EntryPoint","urlTemplate":"https:\/\/rainbook.it\/es\/?s={search_term_string}"},"query-input":{"@type":"PropertyValueSpecification","valueRequired":true,"valueName":"search_term_string"}}],"inLanguage":"es"},{"@type":"Organization","@id":"https:\/\/rainbook.it\/es\/#organization","name":"Festival Rainbook","url":"https:\/\/rainbook.it\/es\/","logo":{"@type":"ImageObject","inLanguage":"es","@id":"https:\/\/rainbook.it\/es\/#\/schema\/logo\/image\/","url":"https:\/\/rainbook.it\/wp-content\/uploads\/2022\/11\/FOLLOW-THE-RAINBOWq-scaled.jpg","contentUrl":"https:\/\/rainbook.it\/wp-content\/uploads\/2022\/11\/FOLLOW-THE-RAINBOWq-scaled.jpg","width":2560,"height":2523,"caption":"Festival Rainbook"},"image":{"@id":"https:\/\/rainbook.it\/es\/#\/schema\/logo\/image\/"},"sameAs":["https:\/\/www.facebook.com\/RainbookFestival\/","https:\/\/www.instagram.com\/rainbook_festival\/"]},{"@type":"Person","@id":"https:\/\/rainbook.it\/es\/#\/schema\/person\/a577420ff0576f34fa5dd9509454dddb","name":"baabalgbt@gmail.com","image":{"@type":"ImageObject","inLanguage":"es","@id":"https:\/\/secure.gravatar.com\/avatar\/0ae4d5c80d47bd6d9a18f99e1a0e87fe11e78e2beb1ba05181f3ad62663d7cf1?s=96&d=mm&r=g","url":"https:\/\/secure.gravatar.com\/avatar\/0ae4d5c80d47bd6d9a18f99e1a0e87fe11e78e2beb1ba05181f3ad62663d7cf1?s=96&d=mm&r=g","contentUrl":"https:\/\/secure.gravatar.com\/avatar\/0ae4d5c80d47bd6d9a18f99e1a0e87fe11e78e2beb1ba05181f3ad62663d7cf1?s=96&d=mm&r=g","caption":"baabalgbt@gmail.com"},"sameAs":["https:\/\/rainbook.it"],"url":"https:\/\/rainbook.it\/es\/author\/baabalgbtgmail-com\/"}]}},"_links":{"self":[{"href":"https:\/\/rainbook.it\/es\/wp-json\/wp\/v2\/posts\/23812","targetHints":{"allow":["GET"]}}],"collection":[{"href":"https:\/\/rainbook.it\/es\/wp-json\/wp\/v2\/posts"}],"about":[{"href":"https:\/\/rainbook.it\/es\/wp-json\/wp\/v2\/types\/post"}],"author":[{"embeddable":true,"href":"https:\/\/rainbook.it\/es\/wp-json\/wp\/v2\/users\/1"}],"replies":[{"embeddable":true,"href":"https:\/\/rainbook.it\/es\/wp-json\/wp\/v2\/comments?post=23812"}],"version-history":[{"count":4,"href":"https:\/\/rainbook.it\/es\/wp-json\/wp\/v2\/posts\/23812\/revisions"}],"predecessor-version":[{"id":23822,"href":"https:\/\/rainbook.it\/es\/wp-json\/wp\/v2\/posts\/23812\/revisions\/23822"}],"wp:featuredmedia":[{"embeddable":true,"href":"https:\/\/rainbook.it\/es\/wp-json\/wp\/v2\/media\/23811"}],"wp:attachment":[{"href":"https:\/\/rainbook.it\/es\/wp-json\/wp\/v2\/media?parent=23812"}],"wp:term":[{"taxonomy":"category","embeddable":true,"href":"https:\/\/rainbook.it\/es\/wp-json\/wp\/v2\/categories?post=23812"},{"taxonomy":"post_tag","embeddable":true,"href":"https:\/\/rainbook.it\/es\/wp-json\/wp\/v2\/tags?post=23812"}],"curies":[{"name":"wp","href":"https:\/\/api.w.org\/{rel}","templated":true}]}}