{"id":20594,"date":"2025-10-15T17:17:25","date_gmt":"2025-10-15T16:17:25","guid":{"rendered":"https:\/\/rainbook.it\/?p=20594"},"modified":"2025-11-01T20:16:37","modified_gmt":"2025-11-01T19:16:37","slug":"giancarlo-pastore","status":"publish","type":"post","link":"https:\/\/rainbook.it\/es\/giancarlo-pastore\/edicion-2025\/10\/2025\/","title":{"rendered":"Giancarlo Pastore"},"content":{"rendered":"\t\t<div data-elementor-type=\"wp-post\" data-elementor-id=\"20594\" class=\"elementor elementor-20594 elementor-20367\" data-elementor-post-type=\"post\">\n\t\t\t\t\t\t<section class=\"elementor-section elementor-top-section elementor-element elementor-element-28d7c663 elementor-section-boxed elementor-section-height-default elementor-section-height-default\" data-id=\"28d7c663\" data-element_type=\"section\" data-e-type=\"section\" data-settings=\"{&quot;background_background&quot;:&quot;classic&quot;}\">\n\t\t\t\t\t\t<div class=\"elementor-container elementor-column-gap-default\">\n\t\t\t\t\t<div class=\"elementor-column elementor-col-66 elementor-top-column elementor-element elementor-element-6e19a4fd\" data-id=\"6e19a4fd\" data-element_type=\"column\" data-e-type=\"column\" data-settings=\"{&quot;background_background&quot;:&quot;classic&quot;}\">\n\t\t\t<div class=\"elementor-widget-wrap elementor-element-populated\">\n\t\t\t\t<div class=\"elementor-element elementor-element-d8814cb e-grid elementor-hidden-mobile e-con-boxed e-con e-parent\" data-id=\"d8814cb\" data-element_type=\"container\" data-e-type=\"container\">\n\t\t\t\t\t<div class=\"e-con-inner\">\n\t\t\t\t<div class=\"elementor-element elementor-element-f3fad65 elementor-hidden-mobile elementor-widget elementor-widget-heading\" data-id=\"f3fad65\" data-element_type=\"widget\" data-e-type=\"widget\" data-widget_type=\"heading.default\">\n\t\t\t\t<div class=\"elementor-widget-container\">\n\t\t\t\t\t<h4 class=\"elementor-heading-title elementor-size-default\">\u00bfd\u00f3nde?<\/h4>\t\t\t\t<\/div>\n\t\t\t\t<\/div>\n\t\t\t\t<div class=\"elementor-element elementor-element-ef478c7 elementor-hidden-mobile elementor-widget elementor-widget-heading\" data-id=\"ef478c7\" data-element_type=\"widget\" data-e-type=\"widget\" data-widget_type=\"heading.default\">\n\t\t\t\t<div class=\"elementor-widget-container\">\n\t\t\t\t\t<h4 class=\"elementor-heading-title elementor-size-default\">\u00bfCu\u00e1ndo?<\/h4>\t\t\t\t<\/div>\n\t\t\t\t<\/div>\n\t\t\t\t<div class=\"elementor-element elementor-element-024cedf elementor-hidden-mobile elementor-widget elementor-widget-heading\" data-id=\"024cedf\" data-element_type=\"widget\" data-e-type=\"widget\" data-widget_type=\"heading.default\">\n\t\t\t\t<div class=\"elementor-widget-container\">\n\t\t\t\t\t<h4 class=\"elementor-heading-title elementor-size-default\">\u00bfQui\u00e9n modera?<\/h4>\t\t\t\t<\/div>\n\t\t\t\t<\/div>\n\t\t\t\t<div class=\"elementor-element elementor-element-66bbd82 elementor-view-default elementor-position-block-start elementor-mobile-position-block-start elementor-widget elementor-widget-icon-box\" data-id=\"66bbd82\" data-element_type=\"widget\" data-e-type=\"widget\" data-widget_type=\"icon-box.default\">\n\t\t\t\t<div class=\"elementor-widget-container\">\n\t\t\t\t\t\t\t<div class=\"elementor-icon-box-wrapper\">\n\n\t\t\t\t\t\t<div class=\"elementor-icon-box-icon\">\n\t\t\t\t<span  class=\"elementor-icon\">\n\t\t\t\t<i aria-hidden=\"true\" class=\"fas fa-map-marker-alt\"><\/i>\t\t\t\t<\/span>\n\t\t\t<\/div>\n\t\t\t\n\t\t\t\t\t\t<div class=\"elementor-icon-box-content\">\n\n\t\t\t\t\t\t\t\t\t<h3 class=\"elementor-icon-box-title\">\n\t\t\t\t\t\t<span  >\n\t\t\t\t\t\t\tVia Falzarego n\u00b035, Cagliari\t\t\t\t\t\t<\/span>\n\t\t\t\t\t<\/h3>\n\t\t\t\t\n\t\t\t\t\n\t\t\t<\/div>\n\t\t\t\n\t\t<\/div>\n\t\t\t\t\t\t<\/div>\n\t\t\t\t<\/div>\n\t\t\t\t<div class=\"elementor-element elementor-element-565d437 elementor-view-default elementor-position-block-start elementor-mobile-position-block-start elementor-widget elementor-widget-icon-box\" data-id=\"565d437\" data-element_type=\"widget\" data-e-type=\"widget\" data-widget_type=\"icon-box.default\">\n\t\t\t\t<div class=\"elementor-widget-container\">\n\t\t\t\t\t\t\t<div class=\"elementor-icon-box-wrapper\">\n\n\t\t\t\t\t\t<div class=\"elementor-icon-box-icon\">\n\t\t\t\t<span  class=\"elementor-icon\">\n\t\t\t\t<i aria-hidden=\"true\" class=\"far fa-calendar-alt\"><\/i>\t\t\t\t<\/span>\n\t\t\t<\/div>\n\t\t\t\n\t\t\t\t\t\t<div class=\"elementor-icon-box-content\">\n\n\t\t\t\t\t\t\t\t\t<h3 class=\"elementor-icon-box-title\">\n\t\t\t\t\t\t<span  >\n\t\t\t\t\t\t\tDomingo, 26 de octubre de 2025, 18:15 h. \t\t\t\t\t\t<\/span>\n\t\t\t\t\t<\/h3>\n\t\t\t\t\n\t\t\t\t\n\t\t\t<\/div>\n\t\t\t\n\t\t<\/div>\n\t\t\t\t\t\t<\/div>\n\t\t\t\t<\/div>\n\t\t\t\t<div class=\"elementor-element elementor-element-23be275 elementor-view-default elementor-position-block-start elementor-mobile-position-block-start elementor-widget elementor-widget-icon-box\" data-id=\"23be275\" data-element_type=\"widget\" data-e-type=\"widget\" data-widget_type=\"icon-box.default\">\n\t\t\t\t<div class=\"elementor-widget-container\">\n\t\t\t\t\t\t\t<div class=\"elementor-icon-box-wrapper\">\n\n\t\t\t\t\t\t<div class=\"elementor-icon-box-icon\">\n\t\t\t\t<span  class=\"elementor-icon\">\n\t\t\t\t<i aria-hidden=\"true\" class=\"fas fa-user\"><\/i>\t\t\t\t<\/span>\n\t\t\t<\/div>\n\t\t\t\n\t\t\t\t\t\t<div class=\"elementor-icon-box-content\">\n\n\t\t\t\t\t\t\t\t\t<h3 class=\"elementor-icon-box-title\">\n\t\t\t\t\t\t<span  >\n\t\t\t\t\t\t\tStefania Marci\t\t\t\t\t\t<\/span>\n\t\t\t\t\t<\/h3>\n\t\t\t\t\n\t\t\t\t\n\t\t\t<\/div>\n\t\t\t\n\t\t<\/div>\n\t\t\t\t\t\t<\/div>\n\t\t\t\t<\/div>\n\t\t\t\t\t<\/div>\n\t\t\t\t<\/div>\n\t\t\t\t<div class=\"elementor-element elementor-element-6cc0dc2 elementor-hidden-widescreen elementor-hidden-desktop elementor-hidden-laptop elementor-hidden-tablet_extra elementor-hidden-tablet elementor-hidden-mobile_extra elementor-widget elementor-widget-heading\" data-id=\"6cc0dc2\" data-element_type=\"widget\" data-e-type=\"widget\" data-widget_type=\"heading.default\">\n\t\t\t\t<div class=\"elementor-widget-container\">\n\t\t\t\t\t<h3 class=\"elementor-heading-title elementor-size-default\">Domingo, 26 de octubre de 2025, 18:15 h, Via Falzarego n.\u00ba 35, Cagliari<\/h3>\t\t\t\t<\/div>\n\t\t\t\t<\/div>\n\t\t\t\t<div class=\"elementor-element elementor-element-a50066d elementor-hidden-widescreen elementor-hidden-desktop elementor-hidden-laptop elementor-hidden-tablet_extra elementor-hidden-tablet elementor-hidden-mobile_extra elementor-widget elementor-widget-heading\" data-id=\"a50066d\" data-element_type=\"widget\" data-e-type=\"widget\" data-widget_type=\"heading.default\">\n\t\t\t\t<div class=\"elementor-widget-container\">\n\t\t\t\t\t<h3 class=\"elementor-heading-title elementor-size-default\">Moderadora: Stefania Marci<\/h3>\t\t\t\t<\/div>\n\t\t\t\t<\/div>\n\t\t\t\t<div class=\"elementor-element elementor-element-96f7b1e elementor-widget elementor-widget-heading\" data-id=\"96f7b1e\" data-element_type=\"widget\" data-e-type=\"widget\" data-widget_type=\"heading.default\">\n\t\t\t\t<div class=\"elementor-widget-container\">\n\t\t\t\t\t<h3 class=\"elementor-heading-title elementor-size-default\">El festival Rainbook presenta:<\/h3>\t\t\t\t<\/div>\n\t\t\t\t<\/div>\n\t\t\t\t<div class=\"elementor-element elementor-element-24c68147 elementor-widget elementor-widget-heading\" data-id=\"24c68147\" data-element_type=\"widget\" data-e-type=\"widget\" data-widget_type=\"heading.default\">\n\t\t\t\t<div class=\"elementor-widget-container\">\n\t\t\t\t\t<h1 class=\"elementor-heading-title elementor-size-default\">Prima dell'Alba<\/h1>\t\t\t\t<\/div>\n\t\t\t\t<\/div>\n\t\t\t\t<div class=\"elementor-element elementor-element-29da48e elementor-widget elementor-widget-heading\" data-id=\"29da48e\" data-element_type=\"widget\" data-e-type=\"widget\" data-widget_type=\"heading.default\">\n\t\t\t\t<div class=\"elementor-widget-container\">\n\t\t\t\t\t<h2 class=\"elementor-heading-title elementor-size-default\">de<\/h2>\t\t\t\t<\/div>\n\t\t\t\t<\/div>\n\t\t\t\t<div class=\"elementor-element elementor-element-66b28ee4 notranslate elementor-widget elementor-widget-theme-post-title elementor-page-title elementor-widget-heading\" data-id=\"66b28ee4\" data-element_type=\"widget\" data-e-type=\"widget\" data-widget_type=\"theme-post-title.default\">\n\t\t\t\t<div class=\"elementor-widget-container\">\n\t\t\t\t\t<h2 class=\"elementor-heading-title elementor-size-default\">Giancarlo Pastore<\/h2>\t\t\t\t<\/div>\n\t\t\t\t<\/div>\n\t\t\t\t<div class=\"elementor-element elementor-element-4a88b33c elementor-widget elementor-widget-image\" data-id=\"4a88b33c\" data-element_type=\"widget\" data-e-type=\"widget\" data-widget_type=\"image.default\">\n\t\t\t\t<div class=\"elementor-widget-container\">\n\t\t\t\t\t\t\t\t\t\t\t\t\t\t\t<img fetchpriority=\"high\" decoding=\"async\" width=\"768\" height=\"1179\" src=\"https:\/\/rainbook.it\/wp-content\/uploads\/2025\/10\/prima_dell_alba_copertina_libro_pastore_giancarlo-768x1179.jpg\" class=\"attachment-medium_large size-medium_large wp-image-20389\" alt=\"Copertina del romanzo \u2018Prima dell\u2019alba\u2019 di Giancarlo Pastore, con ragazzo che si guarda allo specchio in un bagno dalle piastrelle azzurre.\" srcset=\"https:\/\/rainbook.it\/wp-content\/uploads\/2025\/10\/prima_dell_alba_copertina_libro_pastore_giancarlo-768x1179.jpg 768w, https:\/\/rainbook.it\/wp-content\/uploads\/2025\/10\/prima_dell_alba_copertina_libro_pastore_giancarlo-195x300.jpg 195w, https:\/\/rainbook.it\/wp-content\/uploads\/2025\/10\/prima_dell_alba_copertina_libro_pastore_giancarlo-667x1024.jpg 667w, https:\/\/rainbook.it\/wp-content\/uploads\/2025\/10\/prima_dell_alba_copertina_libro_pastore_giancarlo.jpg 977w\" sizes=\"(max-width: 768px) 100vw, 768px\" \/>\t\t\t\t\t\t\t\t\t\t\t\t\t\t\t<\/div>\n\t\t\t\t<\/div>\n\t\t\t\t<div class=\"elementor-element elementor-element-89f5808 elementor-widget elementor-widget-text-editor\" data-id=\"89f5808\" data-element_type=\"widget\" data-e-type=\"widget\" data-widget_type=\"text-editor.default\">\n\t\t\t\t<div class=\"elementor-widget-container\">\n\t\t\t\t\t\t\t\t\t<p>Literatura teatral<\/p>\t\t\t\t\t\t\t\t<\/div>\n\t\t\t\t<\/div>\n\t\t\t\t<div class=\"elementor-element elementor-element-f6e63b0 elementor-widget elementor-widget-heading\" data-id=\"f6e63b0\" data-element_type=\"widget\" data-e-type=\"widget\" data-widget_type=\"heading.default\">\n\t\t\t\t<div class=\"elementor-widget-container\">\n\t\t\t\t\t<h4 class=\"elementor-heading-title elementor-size-default\">P\u00e1ginas: 579<\/h4>\t\t\t\t<\/div>\n\t\t\t\t<\/div>\n\t\t\t\t<div class=\"elementor-element elementor-element-7de4cdf elementor-widget-mobile__width-inherit elementor-widget__width-inherit elementor-widget elementor-widget-n-accordion\" data-id=\"7de4cdf\" data-element_type=\"widget\" data-e-type=\"widget\" data-settings=\"{&quot;default_state&quot;:&quot;all_collapsed&quot;,&quot;max_items_expended&quot;:&quot;one&quot;,&quot;n_accordion_animation_duration&quot;:{&quot;unit&quot;:&quot;ms&quot;,&quot;size&quot;:400,&quot;sizes&quot;:[]}}\" data-widget_type=\"nested-accordion.default\">\n\t\t\t\t<div class=\"elementor-widget-container\">\n\t\t\t\t\t\t\t<div class=\"e-n-accordion\" aria-label=\"Accordion. Open links with Enter or Space, close with Escape, and navigate with Arrow Keys\">\n\t\t\t\t\t\t<details id=\"e-n-accordion-item-1320\" class=\"e-n-accordion-item\" >\n\t\t\t\t<summary class=\"e-n-accordion-item-title\" data-accordion-index=\"1\" tabindex=\"0\" aria-expanded=\"false\" aria-controls=\"e-n-accordion-item-1320\" >\n\t\t\t\t\t<span class='e-n-accordion-item-title-header'><h2 class=\"e-n-accordion-item-title-text\"> Leer la descripci\u00f3n <\/h2><\/span>\n\t\t\t\t\t\t\t<span class='e-n-accordion-item-title-icon'>\n\t\t\t<span class='e-opened' ><i aria-hidden=\"true\" class=\"fas fa-minus\"><\/i><\/span>\n\t\t\t<span class='e-closed'><i aria-hidden=\"true\" class=\"fas fa-book-open\"><\/i><\/span>\n\t\t<\/span>\n\n\t\t\t\t\t\t<\/summary>\n\t\t\t\t<div role=\"region\" aria-labelledby=\"e-n-accordion-item-1320\" class=\"elementor-element elementor-element-371d4bb e-con-full e-flex e-con e-child\" data-id=\"371d4bb\" data-element_type=\"container\" data-e-type=\"container\">\n\t\t\t\t<div class=\"elementor-element elementor-element-9903c5a elementor-widget elementor-widget-text-editor\" data-id=\"9903c5a\" data-element_type=\"widget\" data-e-type=\"widget\" data-widget_type=\"text-editor.default\">\n\t\t\t\t<div class=\"elementor-widget-container\">\n\t\t\t\t\t\t\t\t\t<p>Andrea crece en un peque\u00f1o pueblo de media monta\u00f1a, donde el tiempo se detiene y todo gira en torno al bar de su madre, Dialma. Andrea tiene un rostro inquietante y salvaje, y est\u00e1 habitado por \u00abElla\u00bb, una criatura con la que se siente en armon\u00eda cuando baila en el bosque. Mientras el mundo lo prepara para un futuro que tiene las rejas de una jaula, Andrea se deja llevar por sus fantas\u00edas, por la m\u00fasica y por la voz cristalina, perfecta y prof\u00e9tica de su \u00eddolo, Kate Bush. Amedeo es un aspirante a pintor un poco mayor que Andrea, que tambi\u00e9n vive atravesando continuamente la delgada membrana que separa la realidad de los sue\u00f1os. De origen y extracci\u00f3n social diferentes, incapaz de cuidar de s\u00ed mismo, ser\u00e1 \u00e9l quien le regale a Andrea, gracias a un amor tan grande que da miedo, la posibilidad de construir su propio destino. Sin embargo, ciertos regalos tienen un precio, y el que Andrea tendr\u00e1 que pagar ser\u00e1 la conciencia de que las cosas valiosas pueden desaparecer en cualquier momento. El protagonista de esta novela atraviesa los a\u00f1os ochenta frente a los v\u00eddeos de MTV, inspirado por las estrellas de la danza contempor\u00e1nea, en una \u00e9poca en la que el sida ensombrece la b\u00fasqueda de la propia identidad. Junto a \u00e9l y a Amedeo, se mueven otros personajes inolvidables: Stefania, la amiga campesina fuerte y concreta, Davide, maestro de danza y de vida, y Dialma, una madre cuyo amor corre el riesgo de petrificar el cuerpo de su hijo. Con una escritura intensa y precisa, Giancarlo Pastore narra el viaje de un adolescente que se busca a s\u00ed mismo en un pueblecito del norte de Italia, a trav\u00e9s de una historia de formaci\u00f3n que tiene como eje central el amor, la danza, la m\u00fasica y \u00e9l, Andrea, uno de los protagonistas m\u00e1s poderosos de la literatura contempor\u00e1nea.        <\/p>\t\t\t\t\t\t\t\t<\/div>\n\t\t\t\t<\/div>\n\t\t\t\t<\/div>\n\t\t\t\t\t<\/details>\n\t\t\t\t\t<\/div>\n\t\t\t\t\t\t<\/div>\n\t\t\t\t<\/div>\n\t\t\t\t<div class=\"elementor-element elementor-element-05899a9 elementor-widget elementor-widget-text-editor\" data-id=\"05899a9\" data-element_type=\"widget\" data-e-type=\"widget\" data-widget_type=\"text-editor.default\">\n\t\t\t\t<div class=\"elementor-widget-container\">\n\t\t\t\t\t\t\t\t\t<p><strong>Fuente sinopsis:<\/strong> <a href=\"https:\/\/www.marsilioeditori.it\/libri\/scheda-libro\/2979133\/prima-dell-alba\">Marsilioeditori.it<\/a><\/p><p>Fecha de publicaci\u00f3n: 27 de mayo de 2025<\/p>\t\t\t\t\t\t\t\t<\/div>\n\t\t\t\t<\/div>\n\t\t\t\t<div class=\"elementor-element elementor-element-89b13e7 elementor-widget elementor-widget-heading\" data-id=\"89b13e7\" data-element_type=\"widget\" data-e-type=\"widget\" data-widget_type=\"heading.default\">\n\t\t\t\t<div class=\"elementor-widget-container\">\n\t\t\t\t\t<h2 class=\"elementor-heading-title elementor-size-default\">Cartel<\/h2>\t\t\t\t<\/div>\n\t\t\t\t<\/div>\n\t\t\t\t<div class=\"elementor-element elementor-element-e19442f elementor-widget elementor-widget-image\" data-id=\"e19442f\" data-element_type=\"widget\" data-e-type=\"widget\" data-widget_type=\"image.default\">\n\t\t\t\t<div class=\"elementor-widget-container\">\n\t\t\t\t\t\t\t\t\t\t\t\t\t\t\t<img decoding=\"async\" width=\"800\" height=\"800\" src=\"https:\/\/rainbook.it\/wp-content\/uploads\/2025\/10\/giancarlo_pastore_locandina_rainbook_2025-1024x1024.jpg\" class=\"attachment-large size-large wp-image-20344\" alt=\"Cartel del Rainbook Festival para la presentaci\u00f3n de \u00abPrima dell&#039;alba\u00bb (Antes del amanecer) de Giancarlo Pastore, con retrato del autor y detalles del evento en Cagliari el 26 de octubre a las 18:15.\" srcset=\"https:\/\/rainbook.it\/wp-content\/uploads\/2025\/10\/giancarlo_pastore_locandina_rainbook_2025-1024x1024.jpg 1024w, https:\/\/rainbook.it\/wp-content\/uploads\/2025\/10\/giancarlo_pastore_locandina_rainbook_2025-300x300.jpg 300w, https:\/\/rainbook.it\/wp-content\/uploads\/2025\/10\/giancarlo_pastore_locandina_rainbook_2025-150x150.jpg 150w, https:\/\/rainbook.it\/wp-content\/uploads\/2025\/10\/giancarlo_pastore_locandina_rainbook_2025-768x768.jpg 768w, https:\/\/rainbook.it\/wp-content\/uploads\/2025\/10\/giancarlo_pastore_locandina_rainbook_2025-1536x1536.jpg 1536w, https:\/\/rainbook.it\/wp-content\/uploads\/2025\/10\/giancarlo_pastore_locandina_rainbook_2025-2048x2048.jpg 2048w\" sizes=\"(max-width: 800px) 100vw, 800px\" \/>\t\t\t\t\t\t\t\t\t\t\t\t\t\t\t<\/div>\n\t\t\t\t<\/div>\n\t\t\t\t<div class=\"elementor-element elementor-element-d854ffb elementor-widget elementor-widget-heading\" data-id=\"d854ffb\" data-element_type=\"widget\" data-e-type=\"widget\" data-widget_type=\"heading.default\">\n\t\t\t\t<div class=\"elementor-widget-container\">\n\t\t\t\t\t<h2 class=\"elementor-heading-title elementor-size-default\">Im\u00e1genes de la presentaci\u00f3n<\/h2>\t\t\t\t<\/div>\n\t\t\t\t<\/div>\n\t\t\t\t<div class=\"elementor-element elementor-element-0fd627e elementor-widget elementor-widget-gallery\" data-id=\"0fd627e\" data-element_type=\"widget\" data-e-type=\"widget\" data-settings=\"{&quot;columns&quot;:3,&quot;columns_mobile&quot;:2,&quot;columns_tablet_extra&quot;:3,&quot;columns_laptop&quot;:3,&quot;columns_tablet&quot;:3,&quot;columns_mobile_extra&quot;:3,&quot;aspect_ratio&quot;:&quot;4:3&quot;,&quot;overlay_title&quot;:&quot;caption&quot;,&quot;gallery_layout&quot;:&quot;grid&quot;,&quot;gap&quot;:{&quot;unit&quot;:&quot;px&quot;,&quot;size&quot;:10,&quot;sizes&quot;:[]},&quot;gap_widescreen&quot;:{&quot;unit&quot;:&quot;px&quot;,&quot;size&quot;:&quot;&quot;,&quot;sizes&quot;:[]},&quot;gap_laptop&quot;:{&quot;unit&quot;:&quot;px&quot;,&quot;size&quot;:10,&quot;sizes&quot;:[]},&quot;gap_tablet_extra&quot;:{&quot;unit&quot;:&quot;px&quot;,&quot;size&quot;:10,&quot;sizes&quot;:[]},&quot;gap_tablet&quot;:{&quot;unit&quot;:&quot;px&quot;,&quot;size&quot;:10,&quot;sizes&quot;:[]},&quot;gap_mobile_extra&quot;:{&quot;unit&quot;:&quot;px&quot;,&quot;size&quot;:10,&quot;sizes&quot;:[]},&quot;gap_mobile&quot;:{&quot;unit&quot;:&quot;px&quot;,&quot;size&quot;:10,&quot;sizes&quot;:[]},&quot;link_to&quot;:&quot;file&quot;,&quot;overlay_background&quot;:&quot;yes&quot;,&quot;content_hover_animation&quot;:&quot;fade-in&quot;}\" data-widget_type=\"gallery.default\">\n\t\t\t\t<div class=\"elementor-widget-container\">\n\t\t\t\t\t\t\t<div class=\"elementor-gallery__container\">\n\t\t\t\t\t\t\t<a class=\"e-gallery-item elementor-gallery-item elementor-animated-content\" href=\"https:\/\/rainbook.it\/wp-content\/uploads\/2025\/10\/giancarlo_pastore_per_rainbook_festival_2025-1.jpg\" data-elementor-open-lightbox=\"yes\" data-elementor-lightbox-slideshow=\"0fd627e\" data-elementor-lightbox-title=\"Giancarlo Pastore per Festival Rainbook 2025\" data-e-action-hash=\"#elementor-action%3Aaction%3Dlightbox%26settings%3DeyJpZCI6MjI1MzEsInVybCI6Imh0dHBzOlwvXC9yYWluYm9vay5pdFwvd3AtY29udGVudFwvdXBsb2Fkc1wvMjAyNVwvMTBcL2dpYW5jYXJsb19wYXN0b3JlX3Blcl9yYWluYm9va19mZXN0aXZhbF8yMDI1LTEuanBnIiwic2xpZGVzaG93IjoiMGZkNjI3ZSJ9\">\n\t\t\t\t\t<div class=\"e-gallery-image elementor-gallery-item__image\" data-thumbnail=\"https:\/\/rainbook.it\/wp-content\/uploads\/2025\/10\/giancarlo_pastore_per_rainbook_festival_2025-1-1024x683.jpg\" data-width=\"800\" data-height=\"534\" aria-label=\"Giancarlo Pastore en el Rainbook Festival 2025 en un momento de di\u00e1logo: sostiene el micr\u00f3fono y gesticula mientras responde durante el encuentro.\" role=\"img\" ><\/div>\n\t\t\t\t\t\t\t\t\t\t\t<div class=\"elementor-gallery-item__overlay\"><\/div>\n\t\t\t\t\t\t\t\t\t\t\t\t\t\t\t<div class=\"elementor-gallery-item__content\">\n\t\t\t\t\t\t\t\t\t\t\t\t\t\t<div class=\"elementor-gallery-item__title\">\n\t\t\t\t\t\t\t\t\t\t\t\t\t\t\t\t\t\tGiancarlo Pastore per Festival Rainbook 2025\t\t\t\t\t\t\t\t<\/div>\n\t\t\t\t\t\t\t\t\t\t\t\t<\/div>\n\t\t\t\t\t\t\t\t\t<\/a>\n\t\t\t\t\t\t\t<a class=\"e-gallery-item elementor-gallery-item elementor-animated-content\" href=\"https:\/\/rainbook.it\/wp-content\/uploads\/2025\/10\/giancarlo_pastore_per_rainbook_festival_2025-2.jpg\" data-elementor-open-lightbox=\"yes\" data-elementor-lightbox-slideshow=\"0fd627e\" data-elementor-lightbox-title=\"Giancarlo Pastore per Festival Rainbook 2025\" data-e-action-hash=\"#elementor-action%3Aaction%3Dlightbox%26settings%3DeyJpZCI6MjI1MzIsInVybCI6Imh0dHBzOlwvXC9yYWluYm9vay5pdFwvd3AtY29udGVudFwvdXBsb2Fkc1wvMjAyNVwvMTBcL2dpYW5jYXJsb19wYXN0b3JlX3Blcl9yYWluYm9va19mZXN0aXZhbF8yMDI1LTIuanBnIiwic2xpZGVzaG93IjoiMGZkNjI3ZSJ9\">\n\t\t\t\t\t<div class=\"e-gallery-image elementor-gallery-item__image\" data-thumbnail=\"https:\/\/rainbook.it\/wp-content\/uploads\/2025\/10\/giancarlo_pastore_per_rainbook_festival_2025-2-1024x683.jpg\" data-width=\"800\" data-height=\"534\" aria-label=\"Primer plano del libro \u00abPrima dell&#039;alba\u00bb (Antes del amanecer) de Giancarlo Pastore expuesto durante el Rainbook Festival 2025, junto a una taza y una lata con dise\u00f1o arco\u00edris.\" role=\"img\" ><\/div>\n\t\t\t\t\t\t\t\t\t\t\t<div class=\"elementor-gallery-item__overlay\"><\/div>\n\t\t\t\t\t\t\t\t\t\t\t\t\t\t\t<div class=\"elementor-gallery-item__content\">\n\t\t\t\t\t\t\t\t\t\t\t\t\t\t<div class=\"elementor-gallery-item__title\">\n\t\t\t\t\t\t\t\t\t\t\t\t\t\t\t\t\t\tGiancarlo Pastore per Festival Rainbook 2025\t\t\t\t\t\t\t\t<\/div>\n\t\t\t\t\t\t\t\t\t\t\t\t<\/div>\n\t\t\t\t\t\t\t\t\t<\/a>\n\t\t\t\t\t\t\t<a class=\"e-gallery-item elementor-gallery-item elementor-animated-content\" href=\"https:\/\/rainbook.it\/wp-content\/uploads\/2025\/10\/giancarlo_pastore_per_rainbook_festival_2025-3.jpg\" data-elementor-open-lightbox=\"yes\" data-elementor-lightbox-slideshow=\"0fd627e\" data-elementor-lightbox-title=\"Stefania Marci para Rainbook Festival 2025\" data-e-action-hash=\"#elementor-action%3Aaction%3Dlightbox%26settings%3DeyJpZCI6MjI1MzMsInVybCI6Imh0dHBzOlwvXC9yYWluYm9vay5pdFwvd3AtY29udGVudFwvdXBsb2Fkc1wvMjAyNVwvMTBcL2dpYW5jYXJsb19wYXN0b3JlX3Blcl9yYWluYm9va19mZXN0aXZhbF8yMDI1LTMuanBnIiwic2xpZGVzaG93IjoiMGZkNjI3ZSJ9\">\n\t\t\t\t\t<div class=\"e-gallery-image elementor-gallery-item__image\" data-thumbnail=\"https:\/\/rainbook.it\/wp-content\/uploads\/2025\/10\/giancarlo_pastore_per_rainbook_festival_2025-3-1024x683.jpg\" data-width=\"800\" data-height=\"534\" aria-label=\"\" role=\"img\" ><\/div>\n\t\t\t\t\t\t\t\t\t\t\t<div class=\"elementor-gallery-item__overlay\"><\/div>\n\t\t\t\t\t\t\t\t\t\t\t\t\t\t\t<div class=\"elementor-gallery-item__content\">\n\t\t\t\t\t\t\t\t\t\t\t\t\t\t<div class=\"elementor-gallery-item__title\">\n\t\t\t\t\t\t\t\t\t\t\t\t\t\t\t\t\t\tStefania Marci para Rainbook Festival 2025\t\t\t\t\t\t\t\t<\/div>\n\t\t\t\t\t\t\t\t\t\t\t\t<\/div>\n\t\t\t\t\t\t\t\t\t<\/a>\n\t\t\t\t\t\t\t<a class=\"e-gallery-item elementor-gallery-item elementor-animated-content\" href=\"https:\/\/rainbook.it\/wp-content\/uploads\/2025\/10\/giancarlo_pastore_per_rainbook_festival_2025-4.jpg\" data-elementor-open-lightbox=\"yes\" data-elementor-lightbox-slideshow=\"0fd627e\" data-elementor-lightbox-title=\"Luciana Ledda para el Rainbook Festival 2025\" data-e-action-hash=\"#elementor-action%3Aaction%3Dlightbox%26settings%3DeyJpZCI6MjI1MzQsInVybCI6Imh0dHBzOlwvXC9yYWluYm9vay5pdFwvd3AtY29udGVudFwvdXBsb2Fkc1wvMjAyNVwvMTBcL2dpYW5jYXJsb19wYXN0b3JlX3Blcl9yYWluYm9va19mZXN0aXZhbF8yMDI1LTQuanBnIiwic2xpZGVzaG93IjoiMGZkNjI3ZSJ9\">\n\t\t\t\t\t<div class=\"e-gallery-image elementor-gallery-item__image\" data-thumbnail=\"https:\/\/rainbook.it\/wp-content\/uploads\/2025\/10\/giancarlo_pastore_per_rainbook_festival_2025-4-1024x683.jpg\" data-width=\"800\" data-height=\"534\" aria-label=\"Luciana Ledda, int\u00e9rprete de lengua de signos italiana, durante su interpretaci\u00f3n en el escenario del Rainbook Festival.\" role=\"img\" ><\/div>\n\t\t\t\t\t\t\t\t\t\t\t<div class=\"elementor-gallery-item__overlay\"><\/div>\n\t\t\t\t\t\t\t\t\t\t\t\t\t\t\t<div class=\"elementor-gallery-item__content\">\n\t\t\t\t\t\t\t\t\t\t\t\t\t\t<div class=\"elementor-gallery-item__title\">\n\t\t\t\t\t\t\t\t\t\t\t\t\t\t\t\t\t\tLuciana Ledda para el Rainbook Festival 2025\t\t\t\t\t\t\t\t<\/div>\n\t\t\t\t\t\t\t\t\t\t\t\t<\/div>\n\t\t\t\t\t\t\t\t\t<\/a>\n\t\t\t\t\t\t\t<a class=\"e-gallery-item elementor-gallery-item elementor-animated-content\" href=\"https:\/\/rainbook.it\/wp-content\/uploads\/2025\/10\/giancarlo_pastore_per_rainbook_festival_2025-7.jpg\" data-elementor-open-lightbox=\"yes\" data-elementor-lightbox-slideshow=\"0fd627e\" data-elementor-lightbox-title=\"Giancarlo Pastore y Stefania Marci para el Rainbook Festival 2025\" data-e-action-hash=\"#elementor-action%3Aaction%3Dlightbox%26settings%3DeyJpZCI6MjI1MzUsInVybCI6Imh0dHBzOlwvXC9yYWluYm9vay5pdFwvd3AtY29udGVudFwvdXBsb2Fkc1wvMjAyNVwvMTBcL2dpYW5jYXJsb19wYXN0b3JlX3Blcl9yYWluYm9va19mZXN0aXZhbF8yMDI1LTcuanBnIiwic2xpZGVzaG93IjoiMGZkNjI3ZSJ9\">\n\t\t\t\t\t<div class=\"e-gallery-image elementor-gallery-item__image\" data-thumbnail=\"https:\/\/rainbook.it\/wp-content\/uploads\/2025\/10\/giancarlo_pastore_per_rainbook_festival_2025-7-1024x683.jpg\" data-width=\"800\" data-height=\"534\" aria-label=\"En el escenario del Rainbook Festival 2025: a la izquierda, Stefania Marci (moderadora) sentada con un micr\u00f3fono y, a la derecha, Giancarlo Pastore (invitado y autor), ambos conversando frente a dos mesitas decoradas con motivos arco\u00edris y un libro expuesto.\" role=\"img\" ><\/div>\n\t\t\t\t\t\t\t\t\t\t\t<div class=\"elementor-gallery-item__overlay\"><\/div>\n\t\t\t\t\t\t\t\t\t\t\t\t\t\t\t<div class=\"elementor-gallery-item__content\">\n\t\t\t\t\t\t\t\t\t\t\t\t\t\t<div class=\"elementor-gallery-item__title\">\n\t\t\t\t\t\t\t\t\t\t\t\t\t\t\t\t\t\tGiancarlo Pastore y Stefania Marci para el Rainbook Festival 2025\t\t\t\t\t\t\t\t<\/div>\n\t\t\t\t\t\t\t\t\t\t\t\t<\/div>\n\t\t\t\t\t\t\t\t\t<\/a>\n\t\t\t\t\t\t\t<a class=\"e-gallery-item elementor-gallery-item elementor-animated-content\" href=\"https:\/\/rainbook.it\/wp-content\/uploads\/2025\/10\/giancarlo_pastore_per_rainbook_festival_2025-8.jpg\" data-elementor-open-lightbox=\"yes\" data-elementor-lightbox-slideshow=\"0fd627e\" data-elementor-lightbox-title=\"Stefania Marci para Rainbook Festival 2025\" data-e-action-hash=\"#elementor-action%3Aaction%3Dlightbox%26settings%3DeyJpZCI6MjI1MzYsInVybCI6Imh0dHBzOlwvXC9yYWluYm9vay5pdFwvd3AtY29udGVudFwvdXBsb2Fkc1wvMjAyNVwvMTBcL2dpYW5jYXJsb19wYXN0b3JlX3Blcl9yYWluYm9va19mZXN0aXZhbF8yMDI1LTguanBnIiwic2xpZGVzaG93IjoiMGZkNjI3ZSJ9\">\n\t\t\t\t\t<div class=\"e-gallery-image elementor-gallery-item__image\" data-thumbnail=\"https:\/\/rainbook.it\/wp-content\/uploads\/2025\/10\/giancarlo_pastore_per_rainbook_festival_2025-8-683x1024.jpg\" data-width=\"683\" data-height=\"1024\" aria-label=\"\" role=\"img\" ><\/div>\n\t\t\t\t\t\t\t\t\t\t\t<div class=\"elementor-gallery-item__overlay\"><\/div>\n\t\t\t\t\t\t\t\t\t\t\t\t\t\t\t<div class=\"elementor-gallery-item__content\">\n\t\t\t\t\t\t\t\t\t\t\t\t\t\t<div class=\"elementor-gallery-item__title\">\n\t\t\t\t\t\t\t\t\t\t\t\t\t\t\t\t\t\tStefania Marci para Rainbook Festival 2025\t\t\t\t\t\t\t\t<\/div>\n\t\t\t\t\t\t\t\t\t\t\t\t<\/div>\n\t\t\t\t\t\t\t\t\t<\/a>\n\t\t\t\t\t\t\t<a class=\"e-gallery-item elementor-gallery-item elementor-animated-content\" href=\"https:\/\/rainbook.it\/wp-content\/uploads\/2025\/10\/giancarlo_pastore_per_rainbook_festival_2025-9.jpg\" data-elementor-open-lightbox=\"yes\" data-elementor-lightbox-slideshow=\"0fd627e\" data-elementor-lightbox-title=\"Giancarlo Pastore per Festival Rainbook 2025\" data-e-action-hash=\"#elementor-action%3Aaction%3Dlightbox%26settings%3DeyJpZCI6MjI1MzcsInVybCI6Imh0dHBzOlwvXC9yYWluYm9vay5pdFwvd3AtY29udGVudFwvdXBsb2Fkc1wvMjAyNVwvMTBcL2dpYW5jYXJsb19wYXN0b3JlX3Blcl9yYWluYm9va19mZXN0aXZhbF8yMDI1LTkuanBnIiwic2xpZGVzaG93IjoiMGZkNjI3ZSJ9\">\n\t\t\t\t\t<div class=\"e-gallery-image elementor-gallery-item__image\" data-thumbnail=\"https:\/\/rainbook.it\/wp-content\/uploads\/2025\/10\/giancarlo_pastore_per_rainbook_festival_2025-9-683x1024.jpg\" data-width=\"683\" data-height=\"1024\" aria-label=\"Foto completa de Giancarlo Pastore de pie durante el Rainbook Festival 2025, con una taza en las manos, en una sala iluminada con luz rosa.\" role=\"img\" ><\/div>\n\t\t\t\t\t\t\t\t\t\t\t<div class=\"elementor-gallery-item__overlay\"><\/div>\n\t\t\t\t\t\t\t\t\t\t\t\t\t\t\t<div class=\"elementor-gallery-item__content\">\n\t\t\t\t\t\t\t\t\t\t\t\t\t\t<div class=\"elementor-gallery-item__title\">\n\t\t\t\t\t\t\t\t\t\t\t\t\t\t\t\t\t\tGiancarlo Pastore per Festival Rainbook 2025\t\t\t\t\t\t\t\t<\/div>\n\t\t\t\t\t\t\t\t\t\t\t\t<\/div>\n\t\t\t\t\t\t\t\t\t<\/a>\n\t\t\t\t\t\t\t<a class=\"e-gallery-item elementor-gallery-item elementor-animated-content\" href=\"https:\/\/rainbook.it\/wp-content\/uploads\/2025\/10\/giancarlo_pastore_per_rainbook_festival_2025-10.jpg\" data-elementor-open-lightbox=\"yes\" data-elementor-lightbox-slideshow=\"0fd627e\" data-elementor-lightbox-title=\"Giancarlo Pastore per Festival Rainbook 2025\" data-e-action-hash=\"#elementor-action%3Aaction%3Dlightbox%26settings%3DeyJpZCI6MjI1MzgsInVybCI6Imh0dHBzOlwvXC9yYWluYm9vay5pdFwvd3AtY29udGVudFwvdXBsb2Fkc1wvMjAyNVwvMTBcL2dpYW5jYXJsb19wYXN0b3JlX3Blcl9yYWluYm9va19mZXN0aXZhbF8yMDI1LTEwLmpwZyIsInNsaWRlc2hvdyI6IjBmZDYyN2UifQ%3D%3D\">\n\t\t\t\t\t<div class=\"e-gallery-image elementor-gallery-item__image\" data-thumbnail=\"https:\/\/rainbook.it\/wp-content\/uploads\/2025\/10\/giancarlo_pastore_per_rainbook_festival_2025-10-683x1024.jpg\" data-width=\"683\" data-height=\"1024\" aria-label=\"Retrato sentado de Giancarlo Pastore en el Rainbook Festival 2025, manos entrelazadas en primer plano, camisa a cuadros y objetos arco\u00edris sobre la mesita.\" role=\"img\" ><\/div>\n\t\t\t\t\t\t\t\t\t\t\t<div class=\"elementor-gallery-item__overlay\"><\/div>\n\t\t\t\t\t\t\t\t\t\t\t\t\t\t\t<div class=\"elementor-gallery-item__content\">\n\t\t\t\t\t\t\t\t\t\t\t\t\t\t<div class=\"elementor-gallery-item__title\">\n\t\t\t\t\t\t\t\t\t\t\t\t\t\t\t\t\t\tGiancarlo Pastore per Festival Rainbook 2025\t\t\t\t\t\t\t\t<\/div>\n\t\t\t\t\t\t\t\t\t\t\t\t<\/div>\n\t\t\t\t\t\t\t\t\t<\/a>\n\t\t\t\t\t\t\t<a class=\"e-gallery-item elementor-gallery-item elementor-animated-content\" href=\"https:\/\/rainbook.it\/wp-content\/uploads\/2025\/10\/giancarlo_pastore_per_rainbook_festival_2025-11.jpg\" data-elementor-open-lightbox=\"yes\" data-elementor-lightbox-slideshow=\"0fd627e\" data-elementor-lightbox-title=\"Giancarlo Pastore per Festival Rainbook 2025\" data-e-action-hash=\"#elementor-action%3Aaction%3Dlightbox%26settings%3DeyJpZCI6MjI1MzksInVybCI6Imh0dHBzOlwvXC9yYWluYm9vay5pdFwvd3AtY29udGVudFwvdXBsb2Fkc1wvMjAyNVwvMTBcL2dpYW5jYXJsb19wYXN0b3JlX3Blcl9yYWluYm9va19mZXN0aXZhbF8yMDI1LTExLmpwZyIsInNsaWRlc2hvdyI6IjBmZDYyN2UifQ%3D%3D\">\n\t\t\t\t\t<div class=\"e-gallery-image elementor-gallery-item__image\" data-thumbnail=\"https:\/\/rainbook.it\/wp-content\/uploads\/2025\/10\/giancarlo_pastore_per_rainbook_festival_2025-11-683x1024.jpg\" data-width=\"683\" data-height=\"1024\" aria-label=\"Primer plano de Giancarlo Pastore, autor e invitado al Rainbook Festival 2025, mientras habla por el micr\u00f3fono sentado en un sill\u00f3n, con una camisa a cuadros.\" role=\"img\" ><\/div>\n\t\t\t\t\t\t\t\t\t\t\t<div class=\"elementor-gallery-item__overlay\"><\/div>\n\t\t\t\t\t\t\t\t\t\t\t\t\t\t\t<div class=\"elementor-gallery-item__content\">\n\t\t\t\t\t\t\t\t\t\t\t\t\t\t<div class=\"elementor-gallery-item__title\">\n\t\t\t\t\t\t\t\t\t\t\t\t\t\t\t\t\t\tGiancarlo Pastore per Festival Rainbook 2025\t\t\t\t\t\t\t\t<\/div>\n\t\t\t\t\t\t\t\t\t\t\t\t<\/div>\n\t\t\t\t\t\t\t\t\t<\/a>\n\t\t\t\t\t\t\t<a class=\"e-gallery-item elementor-gallery-item elementor-animated-content\" href=\"https:\/\/rainbook.it\/wp-content\/uploads\/2025\/10\/giancarlo_pastore_per_rainbook_festival_2025-12.jpg\" data-elementor-open-lightbox=\"yes\" data-elementor-lightbox-slideshow=\"0fd627e\" data-elementor-lightbox-title=\"Stefania Marci para el Festival Rainbook 2025\" data-e-action-hash=\"#elementor-action%3Aaction%3Dlightbox%26settings%3DeyJpZCI6MjI1NDAsInVybCI6Imh0dHBzOlwvXC9yYWluYm9vay5pdFwvd3AtY29udGVudFwvdXBsb2Fkc1wvMjAyNVwvMTBcL2dpYW5jYXJsb19wYXN0b3JlX3Blcl9yYWluYm9va19mZXN0aXZhbF8yMDI1LTEyLmpwZyIsInNsaWRlc2hvdyI6IjBmZDYyN2UifQ%3D%3D\">\n\t\t\t\t\t<div class=\"e-gallery-image elementor-gallery-item__image\" data-thumbnail=\"https:\/\/rainbook.it\/wp-content\/uploads\/2025\/10\/giancarlo_pastore_per_rainbook_festival_2025-12-683x1024.jpg\" data-width=\"683\" data-height=\"1024\" aria-label=\"\" role=\"img\" ><\/div>\n\t\t\t\t\t\t\t\t\t\t\t<div class=\"elementor-gallery-item__overlay\"><\/div>\n\t\t\t\t\t\t\t\t\t\t\t\t\t\t\t<div class=\"elementor-gallery-item__content\">\n\t\t\t\t\t\t\t\t\t\t\t\t\t\t<div class=\"elementor-gallery-item__title\">\n\t\t\t\t\t\t\t\t\t\t\t\t\t\t\t\t\t\tStefania Marci para el Festival Rainbook 2025\t\t\t\t\t\t\t\t<\/div>\n\t\t\t\t\t\t\t\t\t\t\t\t<\/div>\n\t\t\t\t\t\t\t\t\t<\/a>\n\t\t\t\t\t\t\t<a class=\"e-gallery-item elementor-gallery-item elementor-animated-content\" href=\"https:\/\/rainbook.it\/wp-content\/uploads\/2025\/10\/giancarlo_pastore_per_rainbook_festival_2025-13.jpg\" data-elementor-open-lightbox=\"yes\" data-elementor-lightbox-slideshow=\"0fd627e\" data-elementor-lightbox-title=\"Giancarlo y Pastore Stefania Marci para el Festival Rainbook 2025\" data-e-action-hash=\"#elementor-action%3Aaction%3Dlightbox%26settings%3DeyJpZCI6MjI1NDEsInVybCI6Imh0dHBzOlwvXC9yYWluYm9vay5pdFwvd3AtY29udGVudFwvdXBsb2Fkc1wvMjAyNVwvMTBcL2dpYW5jYXJsb19wYXN0b3JlX3Blcl9yYWluYm9va19mZXN0aXZhbF8yMDI1LTEzLmpwZyIsInNsaWRlc2hvdyI6IjBmZDYyN2UifQ%3D%3D\">\n\t\t\t\t\t<div class=\"e-gallery-image elementor-gallery-item__image\" data-thumbnail=\"https:\/\/rainbook.it\/wp-content\/uploads\/2025\/10\/giancarlo_pastore_per_rainbook_festival_2025-13-683x1024.jpg\" data-width=\"683\" data-height=\"1024\" aria-label=\"Foto con fondo personalizado del Rainbook Festival: Stefania Marci (a la izquierda) y Giancarlo Pastore (a la derecha) posando abrazados.\" role=\"img\" ><\/div>\n\t\t\t\t\t\t\t\t\t\t\t<div class=\"elementor-gallery-item__overlay\"><\/div>\n\t\t\t\t\t\t\t\t\t\t\t\t\t\t\t<div class=\"elementor-gallery-item__content\">\n\t\t\t\t\t\t\t\t\t\t\t\t\t\t<div class=\"elementor-gallery-item__title\">\n\t\t\t\t\t\t\t\t\t\t\t\t\t\t\t\t\t\tGiancarlo y Pastore Stefania Marci para el Festival Rainbook 2025\t\t\t\t\t\t\t\t<\/div>\n\t\t\t\t\t\t\t\t\t\t\t\t<\/div>\n\t\t\t\t\t\t\t\t\t<\/a>\n\t\t\t\t\t\t\t<a class=\"e-gallery-item elementor-gallery-item elementor-animated-content\" href=\"https:\/\/rainbook.it\/wp-content\/uploads\/2025\/10\/giancarlo_pastore_per_rainbook_festival_2025-14.jpg\" data-elementor-open-lightbox=\"yes\" data-elementor-lightbox-slideshow=\"0fd627e\" data-elementor-lightbox-title=\"Giancarlo Pastore, Stefania Marci y Michele Pipia para el Festival Rainbook 2025\" data-e-action-hash=\"#elementor-action%3Aaction%3Dlightbox%26settings%3DeyJpZCI6MjI1NDIsInVybCI6Imh0dHBzOlwvXC9yYWluYm9vay5pdFwvd3AtY29udGVudFwvdXBsb2Fkc1wvMjAyNVwvMTBcL2dpYW5jYXJsb19wYXN0b3JlX3Blcl9yYWluYm9va19mZXN0aXZhbF8yMDI1LTE0LmpwZyIsInNsaWRlc2hvdyI6IjBmZDYyN2UifQ%3D%3D\">\n\t\t\t\t\t<div class=\"e-gallery-image elementor-gallery-item__image\" data-thumbnail=\"https:\/\/rainbook.it\/wp-content\/uploads\/2025\/10\/giancarlo_pastore_per_rainbook_festival_2025-14-683x1024.jpg\" data-width=\"683\" data-height=\"1024\" aria-label=\"Foto de grupo en la alfombra roja del Rainbook Festival: Stefania Marci a la izquierda, Giancarlo Pastore en el centro y Michele Pipia a la derecha, todos sonrientes ante el tel\u00f3n de fondo del evento.\" role=\"img\" ><\/div>\n\t\t\t\t\t\t\t\t\t\t\t<div class=\"elementor-gallery-item__overlay\"><\/div>\n\t\t\t\t\t\t\t\t\t\t\t\t\t\t\t<div class=\"elementor-gallery-item__content\">\n\t\t\t\t\t\t\t\t\t\t\t\t\t\t<div class=\"elementor-gallery-item__title\">\n\t\t\t\t\t\t\t\t\t\t\t\t\t\t\t\t\t\tGiancarlo Pastore, Stefania Marci y Michele Pipia para el Festival Rainbook 2025\t\t\t\t\t\t\t\t<\/div>\n\t\t\t\t\t\t\t\t\t\t\t\t<\/div>\n\t\t\t\t\t\t\t\t\t<\/a>\n\t\t\t\t\t<\/div>\n\t\t\t\t\t<\/div>\n\t\t\t\t<\/div>\n\t\t\t\t<div class=\"elementor-element elementor-element-60559a98 elementor-widget elementor-widget-spacer\" data-id=\"60559a98\" data-element_type=\"widget\" data-e-type=\"widget\" data-widget_type=\"spacer.default\">\n\t\t\t\t<div class=\"elementor-widget-container\">\n\t\t\t\t\t\t\t<div class=\"elementor-spacer\">\n\t\t\t<div class=\"elementor-spacer-inner\"><\/div>\n\t\t<\/div>\n\t\t\t\t\t\t<\/div>\n\t\t\t\t<\/div>\n\t\t\t\t\t<\/div>\n\t\t<\/div>\n\t\t\t\t<div class=\"elementor-column elementor-col-33 elementor-top-column elementor-element elementor-element-48d5ff4f\" data-id=\"48d5ff4f\" data-element_type=\"column\" data-e-type=\"column\" data-settings=\"{&quot;background_background&quot;:&quot;classic&quot;}\">\n\t\t\t<div class=\"elementor-widget-wrap elementor-element-populated\">\n\t\t\t\t\t\t<div class=\"elementor-element elementor-element-41d349b elementor-hidden-tablet_extra elementor-hidden-tablet elementor-hidden-mobile_extra elementor-hidden-mobile elementor-widget elementor-widget-spacer\" data-id=\"41d349b\" data-element_type=\"widget\" data-e-type=\"widget\" data-widget_type=\"spacer.default\">\n\t\t\t\t<div class=\"elementor-widget-container\">\n\t\t\t\t\t\t\t<div class=\"elementor-spacer\">\n\t\t\t<div class=\"elementor-spacer-inner\"><\/div>\n\t\t<\/div>\n\t\t\t\t\t\t<\/div>\n\t\t\t\t<\/div>\n\t\t\t\t<div class=\"elementor-element elementor-element-1ddc4838 elementor-search-form--skin-classic elementor-search-form--button-type-icon elementor-search-form--icon-search elementor-widget elementor-widget-search-form\" data-id=\"1ddc4838\" data-element_type=\"widget\" data-e-type=\"widget\" data-settings=\"{&quot;skin&quot;:&quot;classic&quot;}\" data-widget_type=\"search-form.default\">\n\t\t\t\t<div class=\"elementor-widget-container\">\n\t\t\t\t\t\t\t<search role=\"search\">\n\t\t\t<form class=\"elementor-search-form\" action=\"https:\/\/rainbook.it\/es\/\" method=\"get\">\n\t\t\t\t\t\t\t\t\t\t\t\t<div class=\"elementor-search-form__container\">\n\t\t\t\t\t<label class=\"elementor-screen-only\" for=\"elementor-search-form-1ddc4838\">Buscar<\/label>\n\n\t\t\t\t\t\n\t\t\t\t\t<input id=\"elementor-search-form-1ddc4838\" placeholder=\"Busca aqu\u00ed...\" class=\"elementor-search-form__input\" type=\"search\" name=\"s\" value=\"\">\n\t\t\t\t\t<input type='hidden' name='lang' value='es' \/>\n\t\t\t\t\t\t\t\t\t\t\t<button class=\"elementor-search-form__submit\" type=\"submit\" aria-label=\"Buscar\">\n\t\t\t\t\t\t\t\t\t\t\t\t\t\t\t<i aria-hidden=\"true\" class=\"fas fa-search\"><\/i>\t\t\t\t\t\t\t\t\t\t\t\t\t<\/button>\n\t\t\t\t\t\n\t\t\t\t\t\t\t\t\t<\/div>\n\t\t\t<\/form>\n\t\t<\/search>\n\t\t\t\t\t\t<\/div>\n\t\t\t\t<\/div>\n\t\t\t\t<div class=\"elementor-element elementor-element-4e75e52d elementor-widget elementor-widget-heading\" data-id=\"4e75e52d\" data-element_type=\"widget\" data-e-type=\"widget\" data-widget_type=\"heading.default\">\n\t\t\t\t<div class=\"elementor-widget-container\">\n\t\t\t\t\t<h3 class=\"elementor-heading-title elementor-size-default\">Acerca del autor...<\/h3>\t\t\t\t<\/div>\n\t\t\t\t<\/div>\n\t\t\t\t<div class=\"elementor-element elementor-element-3277ce15 elementor-widget elementor-widget-image\" data-id=\"3277ce15\" data-element_type=\"widget\" data-e-type=\"widget\" data-widget_type=\"image.default\">\n\t\t\t\t<div class=\"elementor-widget-container\">\n\t\t\t\t\t\t\t\t\t\t\t\t\t\t\t<img decoding=\"async\" width=\"425\" height=\"425\" src=\"https:\/\/rainbook.it\/wp-content\/uploads\/2025\/10\/giancarlo_pastore.jpg\" class=\"attachment-large size-large wp-image-20424\" alt=\"\" srcset=\"https:\/\/rainbook.it\/wp-content\/uploads\/2025\/10\/giancarlo_pastore.jpg 425w, https:\/\/rainbook.it\/wp-content\/uploads\/2025\/10\/giancarlo_pastore-300x300.jpg 300w, https:\/\/rainbook.it\/wp-content\/uploads\/2025\/10\/giancarlo_pastore-150x150.jpg 150w\" sizes=\"(max-width: 425px) 100vw, 425px\" \/>\t\t\t\t\t\t\t\t\t\t\t\t\t\t\t<\/div>\n\t\t\t\t<\/div>\n\t\t\t\t<div class=\"elementor-element elementor-element-18f2c826 elementor-widget elementor-widget-text-editor\" data-id=\"18f2c826\" data-element_type=\"widget\" data-e-type=\"widget\" data-widget_type=\"text-editor.default\">\n\t\t\t\t<div class=\"elementor-widget-container\">\n\t\t\t\t\t\t\t\t\t<p><strong>Giancarlo Pastore<\/strong> (Tur\u00edn, 1967) es un escritor italiano conocido por su narrativa intensa e introspectiva. Debut\u00f3 con la colecci\u00f3n <em data-start=\"134\" data-end=\"153\">Io non so chi sei<\/em> (No s\u00e9 qui\u00e9n eres), ganadora del Premio Cocito, y se consolid\u00f3 con las novelas <em data-start=\"216\" data-end=\"224\">Meduse<\/em> (Medusas, 2003) y <em data-start=\"477\" data-end=\"494\">Regina <\/em>(Reina, 2007), obras que exploran emociones extremas y relaciones complejas. En 2020 volvi\u00f3 a las librer\u00edas con <em data-start=\"234\" data-end=\"242\">Un giorno uno di noi<\/em> (Marsilio), una historia de formaci\u00f3n marcada por secretos familiares y la b\u00fasqueda de la identidad. En 2025 public\u00f3 <em data-start=\"346\" data-end=\"368\">Prima dell\u2019alba<\/em>, ambientada en los a\u00f1os ochenta, entre m\u00fasica, danza y descubrimiento de uno mismo. Pastore tambi\u00e9n ha participado en antolog\u00edas y revistas literarias. Su escritura se caracteriza por un estilo refinado, po\u00e9tico y visionario.     <\/p>\t\t\t\t\t\t\t\t<\/div>\n\t\t\t\t<\/div>\n\t\t\t\t<div class=\"elementor-element elementor-element-516e5607 elementor-shape-circle elementor-grid-0 e-grid-align-center elementor-widget elementor-widget-social-icons\" data-id=\"516e5607\" data-element_type=\"widget\" data-e-type=\"widget\" data-widget_type=\"social-icons.default\">\n\t\t\t\t<div class=\"elementor-widget-container\">\n\t\t\t\t\t\t\t<div class=\"elementor-social-icons-wrapper elementor-grid\" role=\"list\">\n\t\t\t\t\t\t\t<span class=\"elementor-grid-item\" role=\"listitem\">\n\t\t\t\t\t<a class=\"elementor-icon elementor-social-icon elementor-social-icon-facebook-f elementor-repeater-item-0d1bf11\" href=\"https:\/\/www.facebook.com\/RainbookFestival\" target=\"_blank\">\n\t\t\t\t\t\t<span class=\"elementor-screen-only\">Facebook-f<\/span>\n\t\t\t\t\t\t<i aria-hidden=\"true\" class=\"fab fa-facebook-f\"><\/i>\t\t\t\t\t<\/a>\n\t\t\t\t<\/span>\n\t\t\t\t\t\t\t<span class=\"elementor-grid-item\" role=\"listitem\">\n\t\t\t\t\t<a class=\"elementor-icon elementor-social-icon elementor-social-icon-instagram elementor-repeater-item-2113822\" href=\"https:\/\/www.instagram.com\/rainbook_festival\/\" target=\"_blank\">\n\t\t\t\t\t\t<span class=\"elementor-screen-only\">Instagram<\/span>\n\t\t\t\t\t\t<i aria-hidden=\"true\" class=\"fab fa-instagram\"><\/i>\t\t\t\t\t<\/a>\n\t\t\t\t<\/span>\n\t\t\t\t\t\t\t<span class=\"elementor-grid-item\" role=\"listitem\">\n\t\t\t\t\t<a class=\"elementor-icon elementor-social-icon elementor-social-icon-youtube elementor-repeater-item-24858d7\" target=\"_blank\">\n\t\t\t\t\t\t<span class=\"elementor-screen-only\">Youtube<\/span>\n\t\t\t\t\t\t<i aria-hidden=\"true\" class=\"fab fa-youtube\"><\/i>\t\t\t\t\t<\/a>\n\t\t\t\t<\/span>\n\t\t\t\t\t<\/div>\n\t\t\t\t\t\t<\/div>\n\t\t\t\t<\/div>\n\t\t\t\t<div class=\"elementor-element elementor-element-316419aa elementor-widget elementor-widget-heading\" data-id=\"316419aa\" data-element_type=\"widget\" data-e-type=\"widget\" data-widget_type=\"heading.default\">\n\t\t\t\t<div class=\"elementor-widget-container\">\n\t\t\t\t\t<h4 class=\"elementor-heading-title elementor-size-default\">Otros autores<\/h4>\t\t\t\t<\/div>\n\t\t\t\t<\/div>\n\t\t\t\t<div class=\"elementor-element elementor-element-4a3235bf elementor-grid-1 elementor-posts--thumbnail-left elementor-posts--align-left elementor-grid-tablet-2 elementor-grid-mobile-1 elementor-widget elementor-widget-posts\" data-id=\"4a3235bf\" data-element_type=\"widget\" data-e-type=\"widget\" data-settings=\"{&quot;classic_columns&quot;:&quot;1&quot;,&quot;classic_row_gap&quot;:{&quot;unit&quot;:&quot;px&quot;,&quot;size&quot;:20,&quot;sizes&quot;:[]},&quot;classic_row_gap_tablet&quot;:{&quot;unit&quot;:&quot;px&quot;,&quot;size&quot;:25,&quot;sizes&quot;:[]},&quot;classic_columns_tablet&quot;:&quot;2&quot;,&quot;classic_columns_mobile&quot;:&quot;1&quot;,&quot;classic_row_gap_widescreen&quot;:{&quot;unit&quot;:&quot;px&quot;,&quot;size&quot;:&quot;&quot;,&quot;sizes&quot;:[]},&quot;classic_row_gap_laptop&quot;:{&quot;unit&quot;:&quot;px&quot;,&quot;size&quot;:&quot;&quot;,&quot;sizes&quot;:[]},&quot;classic_row_gap_tablet_extra&quot;:{&quot;unit&quot;:&quot;px&quot;,&quot;size&quot;:&quot;&quot;,&quot;sizes&quot;:[]},&quot;classic_row_gap_mobile_extra&quot;:{&quot;unit&quot;:&quot;px&quot;,&quot;size&quot;:&quot;&quot;,&quot;sizes&quot;:[]},&quot;classic_row_gap_mobile&quot;:{&quot;unit&quot;:&quot;px&quot;,&quot;size&quot;:&quot;&quot;,&quot;sizes&quot;:[]}}\" data-widget_type=\"posts.classic\">\n\t\t\t\t<div class=\"elementor-widget-container\">\n\t\t\t\t\t\t\t<div class=\"elementor-posts-container elementor-posts elementor-posts--skin-classic elementor-grid\" role=\"list\">\n\t\t\t\t<article class=\"elementor-post elementor-grid-item post-20594 post type-post status-publish format-standard has-post-thumbnail hentry category-edicion-2025 tag-literatura-teatral\" role=\"listitem\">\n\t\t\t\t<a class=\"elementor-post__thumbnail__link\" href=\"https:\/\/rainbook.it\/es\/giancarlo-pastore\/edicion-2025\/10\/2025\/\" tabindex=\"-1\" target=&quot;_blank&quot;>\n\t\t\t<div class=\"elementor-post__thumbnail\"><img decoding=\"async\" width=\"425\" height=\"425\" src=\"https:\/\/rainbook.it\/wp-content\/uploads\/2025\/10\/giancarlo_pastore.jpg\" class=\"attachment-large size-large wp-image-20424\" alt=\"\" srcset=\"https:\/\/rainbook.it\/wp-content\/uploads\/2025\/10\/giancarlo_pastore.jpg 425w, https:\/\/rainbook.it\/wp-content\/uploads\/2025\/10\/giancarlo_pastore-300x300.jpg 300w, https:\/\/rainbook.it\/wp-content\/uploads\/2025\/10\/giancarlo_pastore-150x150.jpg 150w\" sizes=\"(max-width: 425px) 100vw, 425px\" \/><\/div>\n\t\t<\/a>\n\t\t\t\t<div class=\"elementor-post__text\">\n\t\t\t\t<h3 class=\"elementor-post__title\">\n\t\t\t<a href=\"https:\/\/rainbook.it\/es\/giancarlo-pastore\/edicion-2025\/10\/2025\/\" target=&quot;_blank&quot;>\n\t\t\t\tGiancarlo Pastore\t\t\t<\/a>\n\t\t<\/h3>\n\t\t\n\t\t<a class=\"elementor-post__read-more\" href=\"https:\/\/rainbook.it\/es\/giancarlo-pastore\/edicion-2025\/10\/2025\/\" aria-label=\"M\u00e1s informaci\u00f3n sobre Giancarlo Pastore\" tabindex=\"-1\" target=\"_blank\">\n\t\t\tLeer m\u00e1s \"\t\t<\/a>\n\n\t\t\t\t<\/div>\n\t\t\t\t<\/article>\n\t\t\t\t<article class=\"elementor-post elementor-grid-item post-20613 post type-post status-publish format-standard has-post-thumbnail hentry category-edicion-2025 tag-narrativa-contemporanea-es\" role=\"listitem\">\n\t\t\t\t<a class=\"elementor-post__thumbnail__link\" href=\"https:\/\/rainbook.it\/es\/flavio-nuccitelli\/edicion-2025\/10\/2025\/\" tabindex=\"-1\" target=&quot;_blank&quot;>\n\t\t\t<div class=\"elementor-post__thumbnail\"><img loading=\"lazy\" decoding=\"async\" width=\"800\" height=\"800\" src=\"https:\/\/rainbook.it\/wp-content\/uploads\/2025\/10\/flavio_nuccitelli_fotografia-1024x1024.jpg\" class=\"attachment-large size-large wp-image-20418\" alt=\"\" srcset=\"https:\/\/rainbook.it\/wp-content\/uploads\/2025\/10\/flavio_nuccitelli_fotografia-1024x1024.jpg 1024w, https:\/\/rainbook.it\/wp-content\/uploads\/2025\/10\/flavio_nuccitelli_fotografia-300x300.jpg 300w, https:\/\/rainbook.it\/wp-content\/uploads\/2025\/10\/flavio_nuccitelli_fotografia-150x150.jpg 150w, https:\/\/rainbook.it\/wp-content\/uploads\/2025\/10\/flavio_nuccitelli_fotografia-768x768.jpg 768w, https:\/\/rainbook.it\/wp-content\/uploads\/2025\/10\/flavio_nuccitelli_fotografia.jpg 1080w\" sizes=\"(max-width: 800px) 100vw, 800px\" \/><\/div>\n\t\t<\/a>\n\t\t\t\t<div class=\"elementor-post__text\">\n\t\t\t\t<h3 class=\"elementor-post__title\">\n\t\t\t<a href=\"https:\/\/rainbook.it\/es\/flavio-nuccitelli\/edicion-2025\/10\/2025\/\" target=&quot;_blank&quot;>\n\t\t\t\tFlavio Nuccitelli\t\t\t<\/a>\n\t\t<\/h3>\n\t\t\n\t\t<a class=\"elementor-post__read-more\" href=\"https:\/\/rainbook.it\/es\/flavio-nuccitelli\/edicion-2025\/10\/2025\/\" aria-label=\"M\u00e1s informaci\u00f3n sobre Flavio Nuccitelli\" tabindex=\"-1\" target=\"_blank\">\n\t\t\tLeer m\u00e1s \"\t\t<\/a>\n\n\t\t\t\t<\/div>\n\t\t\t\t<\/article>\n\t\t\t\t<article class=\"elementor-post elementor-grid-item post-19716 post type-post status-publish format-standard has-post-thumbnail hentry category-edicion-2025 tag-sociedad-y-ciencias-sociales\" role=\"listitem\">\n\t\t\t\t<a class=\"elementor-post__thumbnail__link\" href=\"https:\/\/rainbook.it\/es\/elena-pepponi\/edicion-2025\/08\/2025\/\" tabindex=\"-1\" target=&quot;_blank&quot;>\n\t\t\t<div class=\"elementor-post__thumbnail\"><img loading=\"lazy\" decoding=\"async\" width=\"800\" height=\"800\" src=\"https:\/\/rainbook.it\/wp-content\/uploads\/2025\/08\/elena_pepponi_fotografia-1024x1024.jpg\" class=\"attachment-large size-large wp-image-19683\" alt=\"\" srcset=\"https:\/\/rainbook.it\/wp-content\/uploads\/2025\/08\/elena_pepponi_fotografia-1024x1024.jpg 1024w, https:\/\/rainbook.it\/wp-content\/uploads\/2025\/08\/elena_pepponi_fotografia-300x300.jpg 300w, https:\/\/rainbook.it\/wp-content\/uploads\/2025\/08\/elena_pepponi_fotografia-150x150.jpg 150w, https:\/\/rainbook.it\/wp-content\/uploads\/2025\/08\/elena_pepponi_fotografia-768x768.jpg 768w, https:\/\/rainbook.it\/wp-content\/uploads\/2025\/08\/elena_pepponi_fotografia.jpg 1472w\" sizes=\"(max-width: 800px) 100vw, 800px\" \/><\/div>\n\t\t<\/a>\n\t\t\t\t<div class=\"elementor-post__text\">\n\t\t\t\t<h3 class=\"elementor-post__title\">\n\t\t\t<a href=\"https:\/\/rainbook.it\/es\/elena-pepponi\/edicion-2025\/08\/2025\/\" target=&quot;_blank&quot;>\n\t\t\t\tElena Pepponi\t\t\t<\/a>\n\t\t<\/h3>\n\t\t\n\t\t<a class=\"elementor-post__read-more\" href=\"https:\/\/rainbook.it\/es\/elena-pepponi\/edicion-2025\/08\/2025\/\" aria-label=\"M\u00e1s informaci\u00f3n sobre Elena Pepponi\" tabindex=\"-1\" target=\"_blank\">\n\t\t\tLeer m\u00e1s \"\t\t<\/a>\n\n\t\t\t\t<\/div>\n\t\t\t\t<\/article>\n\t\t\t\t<article class=\"elementor-post elementor-grid-item post-23982 post type-post status-publish format-standard has-post-thumbnail hentry category-edicion-2025 tag-lgbt-es\" role=\"listitem\">\n\t\t\t\t<a class=\"elementor-post__thumbnail__link\" href=\"https:\/\/rainbook.it\/es\/pier-vittoriotondelli\/edicion-2025\/12\/2025\/\" tabindex=\"-1\" target=&quot;_blank&quot;>\n\t\t\t<div class=\"elementor-post__thumbnail\"><img loading=\"lazy\" decoding=\"async\" width=\"700\" height=\"700\" src=\"https:\/\/rainbook.it\/wp-content\/uploads\/2025\/12\/pier_vittorio_tondelli_fotogrfia.jpg\" class=\"attachment-large size-large wp-image-23981\" alt=\"\" srcset=\"https:\/\/rainbook.it\/wp-content\/uploads\/2025\/12\/pier_vittorio_tondelli_fotogrfia.jpg 700w, https:\/\/rainbook.it\/wp-content\/uploads\/2025\/12\/pier_vittorio_tondelli_fotogrfia-300x300.jpg 300w, https:\/\/rainbook.it\/wp-content\/uploads\/2025\/12\/pier_vittorio_tondelli_fotogrfia-150x150.jpg 150w\" sizes=\"(max-width: 700px) 100vw, 700px\" \/><\/div>\n\t\t<\/a>\n\t\t\t\t<div class=\"elementor-post__text\">\n\t\t\t\t<h3 class=\"elementor-post__title\">\n\t\t\t<a href=\"https:\/\/rainbook.it\/es\/pier-vittoriotondelli\/edicion-2025\/12\/2025\/\" target=&quot;_blank&quot;>\n\t\t\t\tPier Vittorio<br>Tondelli\t\t\t<\/a>\n\t\t<\/h3>\n\t\t\n\t\t<a class=\"elementor-post__read-more\" href=\"https:\/\/rainbook.it\/es\/pier-vittoriotondelli\/edicion-2025\/12\/2025\/\" aria-label=\"M\u00e1s informaci\u00f3n sobre Pier Vittorio&lt;br&gt;Tondelli\" tabindex=\"-1\" target=\"_blank\">\n\t\t\tLeer m\u00e1s \"\t\t<\/a>\n\n\t\t\t\t<\/div>\n\t\t\t\t<\/article>\n\t\t\t\t<\/div>\n\t\t\n\t\t\t\t\t\t<\/div>\n\t\t\t\t<\/div>\n\t\t\t\t<div class=\"elementor-element elementor-element-5b528d7 elementor-widget elementor-widget-spacer\" data-id=\"5b528d7\" data-element_type=\"widget\" data-e-type=\"widget\" data-widget_type=\"spacer.default\">\n\t\t\t\t<div class=\"elementor-widget-container\">\n\t\t\t\t\t\t\t<div class=\"elementor-spacer\">\n\t\t\t<div class=\"elementor-spacer-inner\"><\/div>\n\t\t<\/div>\n\t\t\t\t\t\t<\/div>\n\t\t\t\t<\/div>\n\t\t\t\t\t<\/div>\n\t\t<\/div>\n\t\t\t\t\t<\/div>\n\t\t<\/section>\n\t\t\t\t<\/div>\n\t\t","protected":false},"excerpt":{"rendered":"<p>\u00bfd\u00f3nde? \u00bfCu\u00e1ndo? \u00bfQui\u00e9n modera? Via Falzarego n\u00b035, Cagliari Domingo, 26 de octubre de 2025, 18:15 h. Stefania Marci Domingo, 26 de octubre de 2025, 18:15 h, Via Falzarego n.\u00ba 35, Cagliari Moderadora: Stefania Marci El festival Rainbook presenta: Prima dell&#8217;Alba de Literatura teatral P\u00e1ginas: 579 Leer la descripci\u00f3n Andrea crece en un peque\u00f1o pueblo de media monta\u00f1a, donde el tiempo se detiene y todo gira en torno al bar de su madre, Dialma. Andrea tiene un rostro inquietante y salvaje, y est\u00e1 habitado por \u00abElla\u00bb, una criatura con la que se siente en armon\u00eda cuando baila en el bosque. Mientras el mundo lo prepara para un futuro que tiene las rejas de una jaula, Andrea se deja llevar por sus fantas\u00edas, por la m\u00fasica y por la voz cristalina, perfecta y prof\u00e9tica de su \u00eddolo, Kate Bush. Amedeo es un aspirante a pintor un poco mayor que Andrea, que tambi\u00e9n vive atravesando continuamente la delgada membrana que separa la realidad de los sue\u00f1os. De origen y extracci\u00f3n social diferentes, incapaz de cuidar de s\u00ed mismo, ser\u00e1 \u00e9l quien le regale a Andrea, gracias a un amor tan grande que da miedo, la posibilidad de construir su propio destino. Sin embargo, ciertos regalos tienen un precio, y el que Andrea tendr\u00e1 que pagar ser\u00e1 la conciencia de que las cosas valiosas pueden desaparecer en cualquier momento. El protagonista de esta novela atraviesa los a\u00f1os ochenta frente a los v\u00eddeos de MTV, inspirado por las estrellas de la danza contempor\u00e1nea, en una \u00e9poca en la que el sida ensombrece la b\u00fasqueda de la propia identidad. Junto a \u00e9l y a Amedeo, se mueven otros personajes inolvidables: Stefania, la amiga campesina fuerte y concreta, Davide, maestro de danza y de vida, y Dialma, una madre cuyo amor corre el riesgo de petrificar el cuerpo de su hijo. Con una escritura intensa y precisa, Giancarlo Pastore narra el viaje de un adolescente que se busca a s\u00ed mismo en un pueblecito del norte de Italia, a trav\u00e9s de una historia de formaci\u00f3n que tiene como eje central el amor, la danza, la m\u00fasica y \u00e9l, Andrea, uno de los protagonistas m\u00e1s poderosos de la literatura contempor\u00e1nea. Andrea crece en un peque\u00f1o pueblo de media monta\u00f1a, donde el tiempo se detiene y todo gira en torno al bar de su madre, Dialma. Andrea tiene un rostro inquietante y salvaje, y est\u00e1 habitado por \u00abElla\u00bb, una criatura con la que se siente en armon\u00eda cuando baila en el bosque. Mientras el mundo lo prepara para un futuro que tiene las rejas de una jaula, Andrea se deja llevar por sus fantas\u00edas, por la m\u00fasica y por la voz cristalina, perfecta y prof\u00e9tica de su \u00eddolo, Kate Bush. Amedeo es un aspirante a pintor un poco mayor que Andrea, que tambi\u00e9n vive atravesando continuamente la delgada membrana que separa la realidad de los sue\u00f1os. De origen y extracci\u00f3n social diferentes, incapaz de cuidar de s\u00ed mismo, ser\u00e1 \u00e9l quien le regale a Andrea, gracias a un amor tan grande que da miedo, la posibilidad de construir su propio destino. Sin embargo, ciertos regalos tienen un precio, y el que Andrea tendr\u00e1 que pagar ser\u00e1 la conciencia de que las cosas valiosas pueden desaparecer en cualquier momento. El protagonista de esta novela atraviesa los a\u00f1os ochenta frente a los v\u00eddeos de MTV, inspirado por las estrellas de la danza contempor\u00e1nea, en una \u00e9poca en la que el sida ensombrece la b\u00fasqueda de la propia identidad. Junto a \u00e9l y a Amedeo, se mueven otros personajes inolvidables: Stefania, la amiga campesina fuerte y concreta, Davide, maestro de danza y de vida, y Dialma, una madre cuyo amor corre el riesgo de petrificar el cuerpo de su hijo. Con una escritura intensa y precisa, Giancarlo Pastore narra el viaje de un adolescente que se busca a s\u00ed mismo en un pueblecito del norte de Italia, a trav\u00e9s de una historia de formaci\u00f3n que tiene como eje central el amor, la danza, la m\u00fasica y \u00e9l, Andrea, uno de los protagonistas m\u00e1s poderosos de la literatura contempor\u00e1nea. Fuente sinopsis: Marsilioeditori.it Fecha de publicaci\u00f3n: 27 de mayo de 2025 Cartel Im\u00e1genes de la presentaci\u00f3n Giancarlo Pastore per Festival Rainbook 2025 Giancarlo Pastore per Festival Rainbook 2025 Stefania Marci per Rainbook Festival 2025 Luciana Ledda per Rainbook Festival 2025 Giancarlo Pastore e Stefania Marci per Rainbook Festival 2025 Stefania Marci per Rainbook Festival 2025 Giancarlo Pastore per Festival Rainbook 2025 Giancarlo Pastore per Festival Rainbook 2025 Giancarlo Pastore per Festival Rainbook 2025 Stefania Marci per Festival Rainbook 2025 Giancarlo e Pastore Stefania Marci per Festival Rainbook 2025 Giancarlo Pastore,Stefania Marci e Michele Pipia per Festival Rainbook 2025 Acerca del autor&#8230; Giancarlo Pastore (Tur\u00edn, 1967) es un escritor italiano conocido por su narrativa intensa e introspectiva. Debut\u00f3 con la colecci\u00f3n Io non so chi sei (No s\u00e9 qui\u00e9n eres), ganadora del Premio Cocito, y se consolid\u00f3 con las novelas Meduse (Medusas, 2003) y Regina (Reina, 2007), obras que exploran emociones extremas y relaciones complejas. En 2020 volvi\u00f3 a las librer\u00edas con Un giorno uno di noi (Marsilio), una historia de formaci\u00f3n marcada por secretos familiares y la b\u00fasqueda de la identidad. En 2025 public\u00f3 Prima dell\u2019alba, ambientada en los a\u00f1os ochenta, entre m\u00fasica, danza y descubrimiento de uno mismo. Pastore tambi\u00e9n ha participado en antolog\u00edas y revistas literarias. Su escritura se caracteriza por un estilo refinado, po\u00e9tico y visionario. Facebook-f Instagram Youtube Otros autores<\/p>\n","protected":false},"author":1,"featured_media":20424,"comment_status":"closed","ping_status":"open","sticky":false,"template":"elementor_header_footer","format":"standard","meta":{"footnotes":""},"categories":[95],"tags":[145],"class_list":["post-20594","post","type-post","status-publish","format-standard","has-post-thumbnail","hentry","category-edicion-2025","tag-literatura-teatral"],"yoast_head":"<!-- This site is optimized with the Yoast SEO plugin v27.3 - https:\/\/yoast.com\/product\/yoast-seo-wordpress\/ -->\n<title>Rainbook Festival | Giancarlo Pastore<\/title>\n<meta name=\"description\" content=\"Domenica 26 Ottobre 2025, presso il festival Rainbook vi sar\u00e0 la presentazione del libro: Prima dell&#039;alba. Location: Via Falzarego n\u00b035, Cagliari.\" \/>\n<meta name=\"robots\" content=\"index, follow, max-snippet:-1, max-image-preview:large, max-video-preview:-1\" \/>\n<link rel=\"canonical\" href=\"https:\/\/rainbook.it\/es\/giancarlo-pastore\/edicion-2025\/10\/2025\/\" \/>\n<meta property=\"og:locale\" content=\"es_ES\" \/>\n<meta property=\"og:type\" content=\"article\" \/>\n<meta property=\"og:title\" content=\"Giancarlo Pastore per Festival Rainbook 2025\" \/>\n<meta property=\"og:description\" content=\"Domenica 26 Ottobre 2025, presso il festival Rainbook vi sar\u00e0 la presentazione del libro: Prima dell&#039;alba. Location: Via Falzarego n\u00b035, Cagliari.\" \/>\n<meta property=\"og:url\" content=\"https:\/\/rainbook.it\/es\/giancarlo-pastore\/edicion-2025\/10\/2025\/\" \/>\n<meta property=\"og:site_name\" content=\"Rainbook Festival\" \/>\n<meta property=\"article:publisher\" content=\"https:\/\/www.facebook.com\/RainbookFestival\/\" \/>\n<meta property=\"article:published_time\" content=\"2025-10-15T16:17:25+00:00\" \/>\n<meta property=\"article:modified_time\" content=\"2025-11-01T19:16:37+00:00\" \/>\n<meta property=\"og:image\" content=\"https:\/\/rainbook.it\/wp-content\/uploads\/2025\/10\/giancarlo_pastore_locandina_rainbook_2025-300x300.jpg\" \/>\n<meta name=\"author\" content=\"baabalgbt@gmail.com\" \/>\n<meta name=\"twitter:card\" content=\"summary_large_image\" \/>\n<meta name=\"twitter:label1\" content=\"Escrito por\" \/>\n\t<meta name=\"twitter:data1\" content=\"baabalgbt@gmail.com\" \/>\n\t<meta name=\"twitter:label2\" content=\"Tiempo de lectura\" \/>\n\t<meta name=\"twitter:data2\" content=\"5 minutos\" \/>\n<script type=\"application\/ld+json\" class=\"yoast-schema-graph\">{\"@context\":\"https:\\\/\\\/schema.org\",\"@graph\":[{\"@type\":[\"Article\",\"BlogPosting\"],\"@id\":\"https:\\\/\\\/rainbook.it\\\/es\\\/giancarlo-pastore\\\/edicion-2025\\\/10\\\/2025\\\/#article\",\"isPartOf\":{\"@id\":\"https:\\\/\\\/rainbook.it\\\/es\\\/giancarlo-pastore\\\/edicion-2025\\\/10\\\/2025\\\/\"},\"author\":{\"name\":\"baabalgbt@gmail.com\",\"@id\":\"https:\\\/\\\/rainbook.it\\\/es\\\/#\\\/schema\\\/person\\\/a577420ff0576f34fa5dd9509454dddb\"},\"headline\":\"Giancarlo Pastore\",\"datePublished\":\"2025-10-15T16:17:25+00:00\",\"dateModified\":\"2025-11-01T19:16:37+00:00\",\"mainEntityOfPage\":{\"@id\":\"https:\\\/\\\/rainbook.it\\\/es\\\/giancarlo-pastore\\\/edicion-2025\\\/10\\\/2025\\\/\"},\"wordCount\":934,\"publisher\":{\"@id\":\"https:\\\/\\\/rainbook.it\\\/es\\\/#organization\"},\"image\":{\"@id\":\"https:\\\/\\\/rainbook.it\\\/es\\\/giancarlo-pastore\\\/edicion-2025\\\/10\\\/2025\\\/#primaryimage\"},\"thumbnailUrl\":\"https:\\\/\\\/rainbook.it\\\/wp-content\\\/uploads\\\/2025\\\/10\\\/giancarlo_pastore.jpg\",\"keywords\":[\"Literatura teatral\"],\"articleSection\":[\"Edici\u00f3n 2025\"],\"inLanguage\":\"es\"},{\"@type\":\"WebPage\",\"@id\":\"https:\\\/\\\/rainbook.it\\\/es\\\/giancarlo-pastore\\\/edicion-2025\\\/10\\\/2025\\\/\",\"url\":\"https:\\\/\\\/rainbook.it\\\/es\\\/giancarlo-pastore\\\/edicion-2025\\\/10\\\/2025\\\/\",\"name\":\"Rainbook Festival | Giancarlo Pastore\",\"isPartOf\":{\"@id\":\"https:\\\/\\\/rainbook.it\\\/es\\\/#website\"},\"primaryImageOfPage\":{\"@id\":\"https:\\\/\\\/rainbook.it\\\/es\\\/giancarlo-pastore\\\/edicion-2025\\\/10\\\/2025\\\/#primaryimage\"},\"image\":{\"@id\":\"https:\\\/\\\/rainbook.it\\\/es\\\/giancarlo-pastore\\\/edicion-2025\\\/10\\\/2025\\\/#primaryimage\"},\"thumbnailUrl\":\"https:\\\/\\\/rainbook.it\\\/wp-content\\\/uploads\\\/2025\\\/10\\\/giancarlo_pastore.jpg\",\"datePublished\":\"2025-10-15T16:17:25+00:00\",\"dateModified\":\"2025-11-01T19:16:37+00:00\",\"description\":\"Domenica 26 Ottobre 2025, presso il festival Rainbook vi sar\u00e0 la presentazione del libro: Prima dell'alba. Location: Via Falzarego n\u00b035, Cagliari.\",\"breadcrumb\":{\"@id\":\"https:\\\/\\\/rainbook.it\\\/es\\\/giancarlo-pastore\\\/edicion-2025\\\/10\\\/2025\\\/#breadcrumb\"},\"inLanguage\":\"es\",\"potentialAction\":[{\"@type\":\"ReadAction\",\"target\":[\"https:\\\/\\\/rainbook.it\\\/es\\\/giancarlo-pastore\\\/edicion-2025\\\/10\\\/2025\\\/\"]}]},{\"@type\":\"ImageObject\",\"inLanguage\":\"es\",\"@id\":\"https:\\\/\\\/rainbook.it\\\/es\\\/giancarlo-pastore\\\/edicion-2025\\\/10\\\/2025\\\/#primaryimage\",\"url\":\"https:\\\/\\\/rainbook.it\\\/wp-content\\\/uploads\\\/2025\\\/10\\\/giancarlo_pastore.jpg\",\"contentUrl\":\"https:\\\/\\\/rainbook.it\\\/wp-content\\\/uploads\\\/2025\\\/10\\\/giancarlo_pastore.jpg\",\"width\":425,\"height\":425},{\"@type\":\"BreadcrumbList\",\"@id\":\"https:\\\/\\\/rainbook.it\\\/es\\\/giancarlo-pastore\\\/edicion-2025\\\/10\\\/2025\\\/#breadcrumb\",\"itemListElement\":[{\"@type\":\"ListItem\",\"position\":1,\"name\":\"Home\",\"item\":\"https:\\\/\\\/rainbook.it\\\/es\\\/inicio\\\/\"},{\"@type\":\"ListItem\",\"position\":2,\"name\":\"Giancarlo Pastore\"}]},{\"@type\":\"WebSite\",\"@id\":\"https:\\\/\\\/rainbook.it\\\/es\\\/#website\",\"url\":\"https:\\\/\\\/rainbook.it\\\/es\\\/\",\"name\":\"Rainbook Festival\",\"description\":\"Libri e Cultura LGBTQIA+\",\"publisher\":{\"@id\":\"https:\\\/\\\/rainbook.it\\\/es\\\/#organization\"},\"potentialAction\":[{\"@type\":\"SearchAction\",\"target\":{\"@type\":\"EntryPoint\",\"urlTemplate\":\"https:\\\/\\\/rainbook.it\\\/es\\\/?s={search_term_string}\"},\"query-input\":{\"@type\":\"PropertyValueSpecification\",\"valueRequired\":true,\"valueName\":\"search_term_string\"}}],\"inLanguage\":\"es\"},{\"@type\":\"Organization\",\"@id\":\"https:\\\/\\\/rainbook.it\\\/es\\\/#organization\",\"name\":\"Festival Rainbook\",\"url\":\"https:\\\/\\\/rainbook.it\\\/es\\\/\",\"logo\":{\"@type\":\"ImageObject\",\"inLanguage\":\"es\",\"@id\":\"https:\\\/\\\/rainbook.it\\\/es\\\/#\\\/schema\\\/logo\\\/image\\\/\",\"url\":\"https:\\\/\\\/rainbook.it\\\/wp-content\\\/uploads\\\/2022\\\/11\\\/FOLLOW-THE-RAINBOWq-scaled.jpg\",\"contentUrl\":\"https:\\\/\\\/rainbook.it\\\/wp-content\\\/uploads\\\/2022\\\/11\\\/FOLLOW-THE-RAINBOWq-scaled.jpg\",\"width\":2560,\"height\":2523,\"caption\":\"Festival Rainbook\"},\"image\":{\"@id\":\"https:\\\/\\\/rainbook.it\\\/es\\\/#\\\/schema\\\/logo\\\/image\\\/\"},\"sameAs\":[\"https:\\\/\\\/www.facebook.com\\\/RainbookFestival\\\/\",\"https:\\\/\\\/www.instagram.com\\\/rainbook_festival\\\/\"]},{\"@type\":\"Person\",\"@id\":\"https:\\\/\\\/rainbook.it\\\/es\\\/#\\\/schema\\\/person\\\/a577420ff0576f34fa5dd9509454dddb\",\"name\":\"baabalgbt@gmail.com\",\"image\":{\"@type\":\"ImageObject\",\"inLanguage\":\"es\",\"@id\":\"https:\\\/\\\/secure.gravatar.com\\\/avatar\\\/0ae4d5c80d47bd6d9a18f99e1a0e87fe11e78e2beb1ba05181f3ad62663d7cf1?s=96&d=mm&r=g\",\"url\":\"https:\\\/\\\/secure.gravatar.com\\\/avatar\\\/0ae4d5c80d47bd6d9a18f99e1a0e87fe11e78e2beb1ba05181f3ad62663d7cf1?s=96&d=mm&r=g\",\"contentUrl\":\"https:\\\/\\\/secure.gravatar.com\\\/avatar\\\/0ae4d5c80d47bd6d9a18f99e1a0e87fe11e78e2beb1ba05181f3ad62663d7cf1?s=96&d=mm&r=g\",\"caption\":\"baabalgbt@gmail.com\"},\"sameAs\":[\"https:\\\/\\\/rainbook.it\"],\"url\":\"https:\\\/\\\/rainbook.it\\\/es\\\/author\\\/baabalgbtgmail-com\\\/\"}]}<\/script>\n<!-- \/ Yoast SEO plugin. -->","yoast_head_json":{"title":"Rainbook Festival | Giancarlo Pastore","description":"Domenica 26 Ottobre 2025, presso il festival Rainbook vi sar\u00e0 la presentazione del libro: Prima dell'alba. Location: Via Falzarego n\u00b035, Cagliari.","robots":{"index":"index","follow":"follow","max-snippet":"max-snippet:-1","max-image-preview":"max-image-preview:large","max-video-preview":"max-video-preview:-1"},"canonical":"https:\/\/rainbook.it\/es\/giancarlo-pastore\/edicion-2025\/10\/2025\/","og_locale":"es_ES","og_type":"article","og_title":"Giancarlo Pastore per Festival Rainbook 2025","og_description":"Domenica 26 Ottobre 2025, presso il festival Rainbook vi sar\u00e0 la presentazione del libro: Prima dell'alba. Location: Via Falzarego n\u00b035, Cagliari.","og_url":"https:\/\/rainbook.it\/es\/giancarlo-pastore\/edicion-2025\/10\/2025\/","og_site_name":"Rainbook Festival","article_publisher":"https:\/\/www.facebook.com\/RainbookFestival\/","article_published_time":"2025-10-15T16:17:25+00:00","article_modified_time":"2025-11-01T19:16:37+00:00","og_image":[{"url":"https:\/\/rainbook.it\/wp-content\/uploads\/2025\/10\/giancarlo_pastore_locandina_rainbook_2025-300x300.jpg","type":"","width":"","height":""}],"author":"baabalgbt@gmail.com","twitter_card":"summary_large_image","twitter_misc":{"Escrito por":"baabalgbt@gmail.com","Tiempo de lectura":"5 minutos"},"schema":{"@context":"https:\/\/schema.org","@graph":[{"@type":["Article","BlogPosting"],"@id":"https:\/\/rainbook.it\/es\/giancarlo-pastore\/edicion-2025\/10\/2025\/#article","isPartOf":{"@id":"https:\/\/rainbook.it\/es\/giancarlo-pastore\/edicion-2025\/10\/2025\/"},"author":{"name":"baabalgbt@gmail.com","@id":"https:\/\/rainbook.it\/es\/#\/schema\/person\/a577420ff0576f34fa5dd9509454dddb"},"headline":"Giancarlo Pastore","datePublished":"2025-10-15T16:17:25+00:00","dateModified":"2025-11-01T19:16:37+00:00","mainEntityOfPage":{"@id":"https:\/\/rainbook.it\/es\/giancarlo-pastore\/edicion-2025\/10\/2025\/"},"wordCount":934,"publisher":{"@id":"https:\/\/rainbook.it\/es\/#organization"},"image":{"@id":"https:\/\/rainbook.it\/es\/giancarlo-pastore\/edicion-2025\/10\/2025\/#primaryimage"},"thumbnailUrl":"https:\/\/rainbook.it\/wp-content\/uploads\/2025\/10\/giancarlo_pastore.jpg","keywords":["Literatura teatral"],"articleSection":["Edici\u00f3n 2025"],"inLanguage":"es"},{"@type":"WebPage","@id":"https:\/\/rainbook.it\/es\/giancarlo-pastore\/edicion-2025\/10\/2025\/","url":"https:\/\/rainbook.it\/es\/giancarlo-pastore\/edicion-2025\/10\/2025\/","name":"Rainbook Festival | Giancarlo Pastore","isPartOf":{"@id":"https:\/\/rainbook.it\/es\/#website"},"primaryImageOfPage":{"@id":"https:\/\/rainbook.it\/es\/giancarlo-pastore\/edicion-2025\/10\/2025\/#primaryimage"},"image":{"@id":"https:\/\/rainbook.it\/es\/giancarlo-pastore\/edicion-2025\/10\/2025\/#primaryimage"},"thumbnailUrl":"https:\/\/rainbook.it\/wp-content\/uploads\/2025\/10\/giancarlo_pastore.jpg","datePublished":"2025-10-15T16:17:25+00:00","dateModified":"2025-11-01T19:16:37+00:00","description":"Domenica 26 Ottobre 2025, presso il festival Rainbook vi sar\u00e0 la presentazione del libro: Prima dell'alba. Location: Via Falzarego n\u00b035, Cagliari.","breadcrumb":{"@id":"https:\/\/rainbook.it\/es\/giancarlo-pastore\/edicion-2025\/10\/2025\/#breadcrumb"},"inLanguage":"es","potentialAction":[{"@type":"ReadAction","target":["https:\/\/rainbook.it\/es\/giancarlo-pastore\/edicion-2025\/10\/2025\/"]}]},{"@type":"ImageObject","inLanguage":"es","@id":"https:\/\/rainbook.it\/es\/giancarlo-pastore\/edicion-2025\/10\/2025\/#primaryimage","url":"https:\/\/rainbook.it\/wp-content\/uploads\/2025\/10\/giancarlo_pastore.jpg","contentUrl":"https:\/\/rainbook.it\/wp-content\/uploads\/2025\/10\/giancarlo_pastore.jpg","width":425,"height":425},{"@type":"BreadcrumbList","@id":"https:\/\/rainbook.it\/es\/giancarlo-pastore\/edicion-2025\/10\/2025\/#breadcrumb","itemListElement":[{"@type":"ListItem","position":1,"name":"Home","item":"https:\/\/rainbook.it\/es\/inicio\/"},{"@type":"ListItem","position":2,"name":"Giancarlo Pastore"}]},{"@type":"WebSite","@id":"https:\/\/rainbook.it\/es\/#website","url":"https:\/\/rainbook.it\/es\/","name":"Rainbook Festival","description":"Libri e Cultura LGBTQIA+","publisher":{"@id":"https:\/\/rainbook.it\/es\/#organization"},"potentialAction":[{"@type":"SearchAction","target":{"@type":"EntryPoint","urlTemplate":"https:\/\/rainbook.it\/es\/?s={search_term_string}"},"query-input":{"@type":"PropertyValueSpecification","valueRequired":true,"valueName":"search_term_string"}}],"inLanguage":"es"},{"@type":"Organization","@id":"https:\/\/rainbook.it\/es\/#organization","name":"Festival Rainbook","url":"https:\/\/rainbook.it\/es\/","logo":{"@type":"ImageObject","inLanguage":"es","@id":"https:\/\/rainbook.it\/es\/#\/schema\/logo\/image\/","url":"https:\/\/rainbook.it\/wp-content\/uploads\/2022\/11\/FOLLOW-THE-RAINBOWq-scaled.jpg","contentUrl":"https:\/\/rainbook.it\/wp-content\/uploads\/2022\/11\/FOLLOW-THE-RAINBOWq-scaled.jpg","width":2560,"height":2523,"caption":"Festival Rainbook"},"image":{"@id":"https:\/\/rainbook.it\/es\/#\/schema\/logo\/image\/"},"sameAs":["https:\/\/www.facebook.com\/RainbookFestival\/","https:\/\/www.instagram.com\/rainbook_festival\/"]},{"@type":"Person","@id":"https:\/\/rainbook.it\/es\/#\/schema\/person\/a577420ff0576f34fa5dd9509454dddb","name":"baabalgbt@gmail.com","image":{"@type":"ImageObject","inLanguage":"es","@id":"https:\/\/secure.gravatar.com\/avatar\/0ae4d5c80d47bd6d9a18f99e1a0e87fe11e78e2beb1ba05181f3ad62663d7cf1?s=96&d=mm&r=g","url":"https:\/\/secure.gravatar.com\/avatar\/0ae4d5c80d47bd6d9a18f99e1a0e87fe11e78e2beb1ba05181f3ad62663d7cf1?s=96&d=mm&r=g","contentUrl":"https:\/\/secure.gravatar.com\/avatar\/0ae4d5c80d47bd6d9a18f99e1a0e87fe11e78e2beb1ba05181f3ad62663d7cf1?s=96&d=mm&r=g","caption":"baabalgbt@gmail.com"},"sameAs":["https:\/\/rainbook.it"],"url":"https:\/\/rainbook.it\/es\/author\/baabalgbtgmail-com\/"}]}},"_links":{"self":[{"href":"https:\/\/rainbook.it\/es\/wp-json\/wp\/v2\/posts\/20594","targetHints":{"allow":["GET"]}}],"collection":[{"href":"https:\/\/rainbook.it\/es\/wp-json\/wp\/v2\/posts"}],"about":[{"href":"https:\/\/rainbook.it\/es\/wp-json\/wp\/v2\/types\/post"}],"author":[{"embeddable":true,"href":"https:\/\/rainbook.it\/es\/wp-json\/wp\/v2\/users\/1"}],"replies":[{"embeddable":true,"href":"https:\/\/rainbook.it\/es\/wp-json\/wp\/v2\/comments?post=20594"}],"version-history":[{"count":5,"href":"https:\/\/rainbook.it\/es\/wp-json\/wp\/v2\/posts\/20594\/revisions"}],"predecessor-version":[{"id":22824,"href":"https:\/\/rainbook.it\/es\/wp-json\/wp\/v2\/posts\/20594\/revisions\/22824"}],"wp:featuredmedia":[{"embeddable":true,"href":"https:\/\/rainbook.it\/es\/wp-json\/wp\/v2\/media\/20424"}],"wp:attachment":[{"href":"https:\/\/rainbook.it\/es\/wp-json\/wp\/v2\/media?parent=20594"}],"wp:term":[{"taxonomy":"category","embeddable":true,"href":"https:\/\/rainbook.it\/es\/wp-json\/wp\/v2\/categories?post=20594"},{"taxonomy":"post_tag","embeddable":true,"href":"https:\/\/rainbook.it\/es\/wp-json\/wp\/v2\/tags?post=20594"}],"curies":[{"name":"wp","href":"https:\/\/api.w.org\/{rel}","templated":true}]}}